{"id":291,"date":"2025-09-16T13:37:51","date_gmt":"2025-09-16T16:37:51","guid":{"rendered":"https:\/\/pirpirituba.pb.leg.br\/?p=291"},"modified":"2025-09-16T13:37:52","modified_gmt":"2025-09-16T16:37:52","slug":"camara-municipal-de-pirpirituba-promove-palestra-do-setembro-amarelo-sobre-prevencao-ao-suicidio","status":"publish","type":"post","link":"https:\/\/pirpirituba.pb.leg.br\/noticias\/camara-municipal-de-pirpirituba-promove-palestra-do-setembro-amarelo-sobre-prevencao-ao-suicidio\/","title":{"rendered":"C\u00e2mara Municipal de Pirpirituba promove palestra do Setembro Amarelo sobre preven\u00e7\u00e3o ao suic\u00eddio"},"content":{"rendered":"\n<p>Na noite de ontem, a C\u00e2mara Municipal de Pirpirituba realizou a palestra <em>\u201cSobreViver \u2013 Precisamos falar sobre suic\u00eddio\u201d<\/em>, integrando a programa\u00e7\u00e3o do <strong>Setembro Amarelo<\/strong>, campanha nacional de preven\u00e7\u00e3o ao suic\u00eddio e valoriza\u00e7\u00e3o da vida.<\/p>\n\n\n\n<p>O evento foi conduzido pela palestrante <strong>M\u00e1rcia Lima<\/strong>, Psicanalista, que trouxe reflex\u00f5es importantes sobre sa\u00fade mental, ressaltando a relev\u00e2ncia da escuta atenta e do cuidado com pessoas em situa\u00e7\u00e3o de vulnerabilidade. Ao longo da atividade, foram compartilhadas experi\u00eancias, informa\u00e7\u00f5es e orienta\u00e7\u00f5es fundamentais para fortalecer a rede de apoio e ampliar a conscientiza\u00e7\u00e3o.<\/p>\n\n\n\n<p>Em sua fala, o presidente da C\u00e2mara, <strong>Givanilson Lira (Batatinha)<\/strong>, destacou a import\u00e2ncia do tema:<\/p>\n\n\n\n<blockquote class=\"wp-block-quote is-layout-flow wp-block-quote-is-layout-flow\">\n<p><em>\u201cFalar sobre sa\u00fade mental \u00e9 um ato de amor e de cuidado. Precisamos estender a m\u00e3o, acolher e mostrar que ningu\u00e9m est\u00e1 sozinho nessa caminhada.\u201d<\/em><\/p>\n<\/blockquote>\n\n\n\n<p>A iniciativa refor\u00e7a o compromisso do Legislativo Municipal em promover discuss\u00f5es que impactam diretamente a sociedade, fortalecendo a cultura de <strong>acolhimento, preven\u00e7\u00e3o e valoriza\u00e7\u00e3o da vida<\/strong>.<\/p>\n","protected":false},"excerpt":{"rendered":"<p>Na noite de ontem, a C\u00e2mara Municipal de Pirpirituba realizou a palestra \u201cSobreViver \u2013 Precisamos falar sobre suic\u00eddio\u201d, integrando a programa\u00e7\u00e3o do Setembro Amarelo, campanha nacional de preven\u00e7\u00e3o ao suic\u00eddio e valoriza\u00e7\u00e3o da vida. O evento foi conduzido pela palestrante M\u00e1rcia Lima, Psicanalista, que trouxe reflex\u00f5es importantes sobre sa\u00fade mental, ressaltando a relev\u00e2ncia da escuta [&hellip;]<\/p>\n","protected":false},"author":3,"featured_media":292,"comment_status":"open","ping_status":"open","sticky":false,"template":"","format":"standard","meta":{"footnotes":""},"categories":[6],"tags":[],"class_list":["post-291","post","type-post","status-publish","format-standard","has-post-thumbnail","hentry","category-noticias"],"yoast_head":"<!-- This site is optimized with the Yoast SEO plugin v25.1 - https:\/\/yoast.com\/wordpress\/plugins\/seo\/ -->\n<title>C\u00e2mara Municipal de Pirpirituba promove palestra do Setembro Amarelo sobre preven\u00e7\u00e3o ao suic\u00eddio - C\u00e2mara Municipal de Pirpirituba - PB<\/title>\n<meta name=\"robots\" content=\"index, follow, max-snippet:-1, max-image-preview:large, max-video-preview:-1\" \/>\n<link rel=\"canonical\" href=\"https:\/\/pirpirituba.pb.leg.br\/noticias\/camara-municipal-de-pirpirituba-promove-palestra-do-setembro-amarelo-sobre-prevencao-ao-suicidio\/\" \/>\n<meta property=\"og:locale\" content=\"pt_BR\" \/>\n<meta property=\"og:type\" content=\"article\" \/>\n<meta property=\"og:title\" content=\"C\u00e2mara Municipal de Pirpirituba promove palestra do Setembro Amarelo sobre preven\u00e7\u00e3o ao suic\u00eddio - C\u00e2mara Municipal de Pirpirituba - PB\" \/>\n<meta property=\"og:description\" content=\"Na noite de ontem, a C\u00e2mara Municipal de Pirpirituba realizou a palestra \u201cSobreViver \u2013 Precisamos falar sobre suic\u00eddio\u201d, integrando a programa\u00e7\u00e3o do Setembro Amarelo, campanha nacional de preven\u00e7\u00e3o ao suic\u00eddio e valoriza\u00e7\u00e3o da vida. O evento foi conduzido pela palestrante M\u00e1rcia Lima, Psicanalista, que trouxe reflex\u00f5es importantes sobre sa\u00fade mental, ressaltando a relev\u00e2ncia da escuta [&hellip;]\" \/>\n<meta property=\"og:url\" content=\"https:\/\/pirpirituba.pb.leg.br\/noticias\/camara-municipal-de-pirpirituba-promove-palestra-do-setembro-amarelo-sobre-prevencao-ao-suicidio\/\" \/>\n<meta property=\"og:site_name\" content=\"C\u00e2mara Municipal de Pirpirituba - PB\" \/>\n<meta property=\"article:published_time\" content=\"2025-09-16T16:37:51+00:00\" \/>\n<meta property=\"article:modified_time\" content=\"2025-09-16T16:37:52+00:00\" \/>\n<meta property=\"og:image\" content=\"https:\/\/pirpirituba.pb.leg.br\/wp-content\/uploads\/2025\/09\/IMG_9297-scaled.jpg\" \/>\n\t<meta property=\"og:image:width\" content=\"2560\" \/>\n\t<meta property=\"og:image:height\" content=\"1707\" \/>\n\t<meta property=\"og:image:type\" content=\"image\/jpeg\" \/>\n<meta name=\"author\" content=\"David Maia\" \/>\n<meta name=\"twitter:card\" content=\"summary_large_image\" \/>\n<meta name=\"twitter:label1\" content=\"Escrito por\" \/>\n\t<meta name=\"twitter:data1\" content=\"David Maia\" \/>\n\t<meta name=\"twitter:label2\" content=\"Est. tempo de leitura\" \/>\n\t<meta name=\"twitter:data2\" content=\"1 minuto\" \/>\n<script type=\"application\/ld+json\" class=\"yoast-schema-graph\">{\"@context\":\"https:\/\/schema.org\",\"@graph\":[{\"@type\":\"Article\",\"@id\":\"https:\/\/pirpirituba.pb.leg.br\/noticias\/camara-municipal-de-pirpirituba-promove-palestra-do-setembro-amarelo-sobre-prevencao-ao-suicidio\/#article\",\"isPartOf\":{\"@id\":\"https:\/\/pirpirituba.pb.leg.br\/noticias\/camara-municipal-de-pirpirituba-promove-palestra-do-setembro-amarelo-sobre-prevencao-ao-suicidio\/\"},\"author\":{\"name\":\"David Maia\",\"@id\":\"https:\/\/pirpirituba.pb.leg.br\/#\/schema\/person\/8bc90b9fc557d92690c756e61a4331cc\"},\"headline\":\"C\u00e2mara Municipal de Pirpirituba promove palestra do Setembro Amarelo sobre preven\u00e7\u00e3o ao suic\u00eddio\",\"datePublished\":\"2025-09-16T16:37:51+00:00\",\"dateModified\":\"2025-09-16T16:37:52+00:00\",\"mainEntityOfPage\":{\"@id\":\"https:\/\/pirpirituba.pb.leg.br\/noticias\/camara-municipal-de-pirpirituba-promove-palestra-do-setembro-amarelo-sobre-prevencao-ao-suicidio\/\"},\"wordCount\":190,\"commentCount\":0,\"publisher\":{\"@id\":\"https:\/\/pirpirituba.pb.leg.br\/#organization\"},\"image\":{\"@id\":\"https:\/\/pirpirituba.pb.leg.br\/noticias\/camara-municipal-de-pirpirituba-promove-palestra-do-setembro-amarelo-sobre-prevencao-ao-suicidio\/#primaryimage\"},\"thumbnailUrl\":\"https:\/\/pirpirituba.pb.leg.br\/wp-content\/uploads\/2025\/09\/IMG_9297-scaled.jpg\",\"articleSection\":[\"Not\u00edcias\"],\"inLanguage\":\"pt-BR\",\"potentialAction\":[{\"@type\":\"CommentAction\",\"name\":\"Comment\",\"target\":[\"https:\/\/pirpirituba.pb.leg.br\/noticias\/camara-municipal-de-pirpirituba-promove-palestra-do-setembro-amarelo-sobre-prevencao-ao-suicidio\/#respond\"]}]},{\"@type\":\"WebPage\",\"@id\":\"https:\/\/pirpirituba.pb.leg.br\/noticias\/camara-municipal-de-pirpirituba-promove-palestra-do-setembro-amarelo-sobre-prevencao-ao-suicidio\/\",\"url\":\"https:\/\/pirpirituba.pb.leg.br\/noticias\/camara-municipal-de-pirpirituba-promove-palestra-do-setembro-amarelo-sobre-prevencao-ao-suicidio\/\",\"name\":\"C\u00e2mara Municipal de Pirpirituba promove palestra do Setembro Amarelo sobre preven\u00e7\u00e3o ao suic\u00eddio - C\u00e2mara Municipal de Pirpirituba - PB\",\"isPartOf\":{\"@id\":\"https:\/\/pirpirituba.pb.leg.br\/#website\"},\"primaryImageOfPage\":{\"@id\":\"https:\/\/pirpirituba.pb.leg.br\/noticias\/camara-municipal-de-pirpirituba-promove-palestra-do-setembro-amarelo-sobre-prevencao-ao-suicidio\/#primaryimage\"},\"image\":{\"@id\":\"https:\/\/pirpirituba.pb.leg.br\/noticias\/camara-municipal-de-pirpirituba-promove-palestra-do-setembro-amarelo-sobre-prevencao-ao-suicidio\/#primaryimage\"},\"thumbnailUrl\":\"https:\/\/pirpirituba.pb.leg.br\/wp-content\/uploads\/2025\/09\/IMG_9297-scaled.jpg\",\"datePublished\":\"2025-09-16T16:37:51+00:00\",\"dateModified\":\"2025-09-16T16:37:52+00:00\",\"breadcrumb\":{\"@id\":\"https:\/\/pirpirituba.pb.leg.br\/noticias\/camara-municipal-de-pirpirituba-promove-palestra-do-setembro-amarelo-sobre-prevencao-ao-suicidio\/#breadcrumb\"},\"inLanguage\":\"pt-BR\",\"potentialAction\":[{\"@type\":\"ReadAction\",\"target\":[\"https:\/\/pirpirituba.pb.leg.br\/noticias\/camara-municipal-de-pirpirituba-promove-palestra-do-setembro-amarelo-sobre-prevencao-ao-suicidio\/\"]}]},{\"@type\":\"ImageObject\",\"inLanguage\":\"pt-BR\",\"@id\":\"https:\/\/pirpirituba.pb.leg.br\/noticias\/camara-municipal-de-pirpirituba-promove-palestra-do-setembro-amarelo-sobre-prevencao-ao-suicidio\/#primaryimage\",\"url\":\"https:\/\/pirpirituba.pb.leg.br\/wp-content\/uploads\/2025\/09\/IMG_9297-scaled.jpg\",\"contentUrl\":\"https:\/\/pirpirituba.pb.leg.br\/wp-content\/uploads\/2025\/09\/IMG_9297-scaled.jpg\",\"width\":2560,\"height\":1707},{\"@type\":\"BreadcrumbList\",\"@id\":\"https:\/\/pirpirituba.pb.leg.br\/noticias\/camara-municipal-de-pirpirituba-promove-palestra-do-setembro-amarelo-sobre-prevencao-ao-suicidio\/#breadcrumb\",\"itemListElement\":[{\"@type\":\"ListItem\",\"position\":1,\"name\":\"In\u00edcio\",\"item\":\"https:\/\/pirpirituba.pb.leg.br\/\"},{\"@type\":\"ListItem\",\"position\":2,\"name\":\"C\u00e2mara Municipal de Pirpirituba promove palestra do Setembro Amarelo sobre preven\u00e7\u00e3o ao suic\u00eddio\"}]},{\"@type\":\"WebSite\",\"@id\":\"https:\/\/pirpirituba.pb.leg.br\/#website\",\"url\":\"https:\/\/pirpirituba.pb.leg.br\/\",\"name\":\"C\u00e2mara Municipal de Pirpirituba - PB\",\"description\":\"\",\"publisher\":{\"@id\":\"https:\/\/pirpirituba.pb.leg.br\/#organization\"},\"potentialAction\":[{\"@type\":\"SearchAction\",\"target\":{\"@type\":\"EntryPoint\",\"urlTemplate\":\"https:\/\/pirpirituba.pb.leg.br\/?s={search_term_string}\"},\"query-input\":{\"@type\":\"PropertyValueSpecification\",\"valueRequired\":true,\"valueName\":\"search_term_string\"}}],\"inLanguage\":\"pt-BR\"},{\"@type\":\"Organization\",\"@id\":\"https:\/\/pirpirituba.pb.leg.br\/#organization\",\"name\":\"C\u00e2mara Municipal de Pirpirituba - PB\",\"url\":\"https:\/\/pirpirituba.pb.leg.br\/\",\"logo\":{\"@type\":\"ImageObject\",\"inLanguage\":\"pt-BR\",\"@id\":\"https:\/\/pirpirituba.pb.leg.br\/#\/schema\/logo\/image\/\",\"url\":\"https:\/\/pirpirituba.pb.leg.br\/wp-content\/uploads\/2025\/01\/image1.png\",\"contentUrl\":\"https:\/\/pirpirituba.pb.leg.br\/wp-content\/uploads\/2025\/01\/image1.png\",\"width\":300,\"height\":78,\"caption\":\"C\u00e2mara Municipal de Pirpirituba - PB\"},\"image\":{\"@id\":\"https:\/\/pirpirituba.pb.leg.br\/#\/schema\/logo\/image\/\"}},{\"@type\":\"Person\",\"@id\":\"https:\/\/pirpirituba.pb.leg.br\/#\/schema\/person\/8bc90b9fc557d92690c756e61a4331cc\",\"name\":\"David Maia\",\"image\":{\"@type\":\"ImageObject\",\"inLanguage\":\"pt-BR\",\"@id\":\"https:\/\/pirpirituba.pb.leg.br\/#\/schema\/person\/image\/\",\"url\":\"https:\/\/secure.gravatar.com\/avatar\/5c858f5c6e666e3a3908d316a7bc3634?s=96&d=mm&r=g\",\"contentUrl\":\"https:\/\/secure.gravatar.com\/avatar\/5c858f5c6e666e3a3908d316a7bc3634?s=96&d=mm&r=g\",\"caption\":\"David Maia\"},\"url\":\"https:\/\/pirpirituba.pb.leg.br\/author\/david\/\"}]}<\/script>\n<!-- \/ Yoast SEO plugin. -->","yoast_head_json":{"title":"C\u00e2mara Municipal de Pirpirituba promove palestra do Setembro Amarelo sobre preven\u00e7\u00e3o ao suic\u00eddio - C\u00e2mara Municipal de Pirpirituba - PB","robots":{"index":"index","follow":"follow","max-snippet":"max-snippet:-1","max-image-preview":"max-image-preview:large","max-video-preview":"max-video-preview:-1"},"canonical":"https:\/\/pirpirituba.pb.leg.br\/noticias\/camara-municipal-de-pirpirituba-promove-palestra-do-setembro-amarelo-sobre-prevencao-ao-suicidio\/","og_locale":"pt_BR","og_type":"article","og_title":"C\u00e2mara Municipal de Pirpirituba promove palestra do Setembro Amarelo sobre preven\u00e7\u00e3o ao suic\u00eddio - C\u00e2mara Municipal de Pirpirituba - PB","og_description":"Na noite de ontem, a C\u00e2mara Municipal de Pirpirituba realizou a palestra \u201cSobreViver \u2013 Precisamos falar sobre suic\u00eddio\u201d, integrando a programa\u00e7\u00e3o do Setembro Amarelo, campanha nacional de preven\u00e7\u00e3o ao suic\u00eddio e valoriza\u00e7\u00e3o da vida. O evento foi conduzido pela palestrante M\u00e1rcia Lima, Psicanalista, que trouxe reflex\u00f5es importantes sobre sa\u00fade mental, ressaltando a relev\u00e2ncia da escuta [&hellip;]","og_url":"https:\/\/pirpirituba.pb.leg.br\/noticias\/camara-municipal-de-pirpirituba-promove-palestra-do-setembro-amarelo-sobre-prevencao-ao-suicidio\/","og_site_name":"C\u00e2mara Municipal de Pirpirituba - PB","article_published_time":"2025-09-16T16:37:51+00:00","article_modified_time":"2025-09-16T16:37:52+00:00","og_image":[{"width":2560,"height":1707,"url":"https:\/\/pirpirituba.pb.leg.br\/wp-content\/uploads\/2025\/09\/IMG_9297-scaled.jpg","type":"image\/jpeg"}],"author":"David Maia","twitter_card":"summary_large_image","twitter_misc":{"Escrito por":"David Maia","Est. tempo de leitura":"1 minuto"},"schema":{"@context":"https:\/\/schema.org","@graph":[{"@type":"Article","@id":"https:\/\/pirpirituba.pb.leg.br\/noticias\/camara-municipal-de-pirpirituba-promove-palestra-do-setembro-amarelo-sobre-prevencao-ao-suicidio\/#article","isPartOf":{"@id":"https:\/\/pirpirituba.pb.leg.br\/noticias\/camara-municipal-de-pirpirituba-promove-palestra-do-setembro-amarelo-sobre-prevencao-ao-suicidio\/"},"author":{"name":"David Maia","@id":"https:\/\/pirpirituba.pb.leg.br\/#\/schema\/person\/8bc90b9fc557d92690c756e61a4331cc"},"headline":"C\u00e2mara Municipal de Pirpirituba promove palestra do Setembro Amarelo sobre preven\u00e7\u00e3o ao suic\u00eddio","datePublished":"2025-09-16T16:37:51+00:00","dateModified":"2025-09-16T16:37:52+00:00","mainEntityOfPage":{"@id":"https:\/\/pirpirituba.pb.leg.br\/noticias\/camara-municipal-de-pirpirituba-promove-palestra-do-setembro-amarelo-sobre-prevencao-ao-suicidio\/"},"wordCount":190,"commentCount":0,"publisher":{"@id":"https:\/\/pirpirituba.pb.leg.br\/#organization"},"image":{"@id":"https:\/\/pirpirituba.pb.leg.br\/noticias\/camara-municipal-de-pirpirituba-promove-palestra-do-setembro-amarelo-sobre-prevencao-ao-suicidio\/#primaryimage"},"thumbnailUrl":"https:\/\/pirpirituba.pb.leg.br\/wp-content\/uploads\/2025\/09\/IMG_9297-scaled.jpg","articleSection":["Not\u00edcias"],"inLanguage":"pt-BR","potentialAction":[{"@type":"CommentAction","name":"Comment","target":["https:\/\/pirpirituba.pb.leg.br\/noticias\/camara-municipal-de-pirpirituba-promove-palestra-do-setembro-amarelo-sobre-prevencao-ao-suicidio\/#respond"]}]},{"@type":"WebPage","@id":"https:\/\/pirpirituba.pb.leg.br\/noticias\/camara-municipal-de-pirpirituba-promove-palestra-do-setembro-amarelo-sobre-prevencao-ao-suicidio\/","url":"https:\/\/pirpirituba.pb.leg.br\/noticias\/camara-municipal-de-pirpirituba-promove-palestra-do-setembro-amarelo-sobre-prevencao-ao-suicidio\/","name":"C\u00e2mara Municipal de Pirpirituba promove palestra do Setembro Amarelo sobre preven\u00e7\u00e3o ao suic\u00eddio - C\u00e2mara Municipal de Pirpirituba - PB","isPartOf":{"@id":"https:\/\/pirpirituba.pb.leg.br\/#website"},"primaryImageOfPage":{"@id":"https:\/\/pirpirituba.pb.leg.br\/noticias\/camara-municipal-de-pirpirituba-promove-palestra-do-setembro-amarelo-sobre-prevencao-ao-suicidio\/#primaryimage"},"image":{"@id":"https:\/\/pirpirituba.pb.leg.br\/noticias\/camara-municipal-de-pirpirituba-promove-palestra-do-setembro-amarelo-sobre-prevencao-ao-suicidio\/#primaryimage"},"thumbnailUrl":"https:\/\/pirpirituba.pb.leg.br\/wp-content\/uploads\/2025\/09\/IMG_9297-scaled.jpg","datePublished":"2025-09-16T16:37:51+00:00","dateModified":"2025-09-16T16:37:52+00:00","breadcrumb":{"@id":"https:\/\/pirpirituba.pb.leg.br\/noticias\/camara-municipal-de-pirpirituba-promove-palestra-do-setembro-amarelo-sobre-prevencao-ao-suicidio\/#breadcrumb"},"inLanguage":"pt-BR","potentialAction":[{"@type":"ReadAction","target":["https:\/\/pirpirituba.pb.leg.br\/noticias\/camara-municipal-de-pirpirituba-promove-palestra-do-setembro-amarelo-sobre-prevencao-ao-suicidio\/"]}]},{"@type":"ImageObject","inLanguage":"pt-BR","@id":"https:\/\/pirpirituba.pb.leg.br\/noticias\/camara-municipal-de-pirpirituba-promove-palestra-do-setembro-amarelo-sobre-prevencao-ao-suicidio\/#primaryimage","url":"https:\/\/pirpirituba.pb.leg.br\/wp-content\/uploads\/2025\/09\/IMG_9297-scaled.jpg","contentUrl":"https:\/\/pirpirituba.pb.leg.br\/wp-content\/uploads\/2025\/09\/IMG_9297-scaled.jpg","width":2560,"height":1707},{"@type":"BreadcrumbList","@id":"https:\/\/pirpirituba.pb.leg.br\/noticias\/camara-municipal-de-pirpirituba-promove-palestra-do-setembro-amarelo-sobre-prevencao-ao-suicidio\/#breadcrumb","itemListElement":[{"@type":"ListItem","position":1,"name":"In\u00edcio","item":"https:\/\/pirpirituba.pb.leg.br\/"},{"@type":"ListItem","position":2,"name":"C\u00e2mara Municipal de Pirpirituba promove palestra do Setembro Amarelo sobre preven\u00e7\u00e3o ao suic\u00eddio"}]},{"@type":"WebSite","@id":"https:\/\/pirpirituba.pb.leg.br\/#website","url":"https:\/\/pirpirituba.pb.leg.br\/","name":"C\u00e2mara Municipal de Pirpirituba - PB","description":"","publisher":{"@id":"https:\/\/pirpirituba.pb.leg.br\/#organization"},"potentialAction":[{"@type":"SearchAction","target":{"@type":"EntryPoint","urlTemplate":"https:\/\/pirpirituba.pb.leg.br\/?s={search_term_string}"},"query-input":{"@type":"PropertyValueSpecification","valueRequired":true,"valueName":"search_term_string"}}],"inLanguage":"pt-BR"},{"@type":"Organization","@id":"https:\/\/pirpirituba.pb.leg.br\/#organization","name":"C\u00e2mara Municipal de Pirpirituba - PB","url":"https:\/\/pirpirituba.pb.leg.br\/","logo":{"@type":"ImageObject","inLanguage":"pt-BR","@id":"https:\/\/pirpirituba.pb.leg.br\/#\/schema\/logo\/image\/","url":"https:\/\/pirpirituba.pb.leg.br\/wp-content\/uploads\/2025\/01\/image1.png","contentUrl":"https:\/\/pirpirituba.pb.leg.br\/wp-content\/uploads\/2025\/01\/image1.png","width":300,"height":78,"caption":"C\u00e2mara Municipal de Pirpirituba - PB"},"image":{"@id":"https:\/\/pirpirituba.pb.leg.br\/#\/schema\/logo\/image\/"}},{"@type":"Person","@id":"https:\/\/pirpirituba.pb.leg.br\/#\/schema\/person\/8bc90b9fc557d92690c756e61a4331cc","name":"David Maia","image":{"@type":"ImageObject","inLanguage":"pt-BR","@id":"https:\/\/pirpirituba.pb.leg.br\/#\/schema\/person\/image\/","url":"https:\/\/secure.gravatar.com\/avatar\/5c858f5c6e666e3a3908d316a7bc3634?s=96&d=mm&r=g","contentUrl":"https:\/\/secure.gravatar.com\/avatar\/5c858f5c6e666e3a3908d316a7bc3634?s=96&d=mm&r=g","caption":"David Maia"},"url":"https:\/\/pirpirituba.pb.leg.br\/author\/david\/"}]}},"_links":{"self":[{"href":"https:\/\/pirpirituba.pb.leg.br\/wp-json\/wp\/v2\/posts\/291","targetHints":{"allow":["GET"]}}],"collection":[{"href":"https:\/\/pirpirituba.pb.leg.br\/wp-json\/wp\/v2\/posts"}],"about":[{"href":"https:\/\/pirpirituba.pb.leg.br\/wp-json\/wp\/v2\/types\/post"}],"author":[{"embeddable":true,"href":"https:\/\/pirpirituba.pb.leg.br\/wp-json\/wp\/v2\/users\/3"}],"replies":[{"embeddable":true,"href":"https:\/\/pirpirituba.pb.leg.br\/wp-json\/wp\/v2\/comments?post=291"}],"version-history":[{"count":1,"href":"https:\/\/pirpirituba.pb.leg.br\/wp-json\/wp\/v2\/posts\/291\/revisions"}],"predecessor-version":[{"id":293,"href":"https:\/\/pirpirituba.pb.leg.br\/wp-json\/wp\/v2\/posts\/291\/revisions\/293"}],"wp:featuredmedia":[{"embeddable":true,"href":"https:\/\/pirpirituba.pb.leg.br\/wp-json\/wp\/v2\/media\/292"}],"wp:attachment":[{"href":"https:\/\/pirpirituba.pb.leg.br\/wp-json\/wp\/v2\/media?parent=291"}],"wp:term":[{"taxonomy":"category","embeddable":true,"href":"https:\/\/pirpirituba.pb.leg.br\/wp-json\/wp\/v2\/categories?post=291"},{"taxonomy":"post_tag","embeddable":true,"href":"https:\/\/pirpirituba.pb.leg.br\/wp-json\/wp\/v2\/tags?post=291"}],"curies":[{"name":"wp","href":"https:\/\/api.w.org\/{rel}","templated":true}]}}