{"id":265,"date":"2025-05-27T13:42:46","date_gmt":"2025-05-27T16:42:46","guid":{"rendered":"https:\/\/pirpirituba.pb.leg.br\/?p=265"},"modified":"2025-05-27T13:42:47","modified_gmt":"2025-05-27T16:42:47","slug":"camara-municipal-de-pirpirituba-realiza-sessao-especial-nesta-terca-27-em-alusao-ao-dia-nacional-de-combate-ao-abuso-e-a-exploracao-sexual-de-criancas-e-adolescentes","status":"publish","type":"post","link":"https:\/\/pirpirituba.pb.leg.br\/noticias\/camara-municipal-de-pirpirituba-realiza-sessao-especial-nesta-terca-27-em-alusao-ao-dia-nacional-de-combate-ao-abuso-e-a-exploracao-sexual-de-criancas-e-adolescentes\/","title":{"rendered":"C\u00e2mara Municipal de Pirpirituba realiza Sess\u00e3o Especial nesta ter\u00e7a (27) em alus\u00e3o ao Dia Nacional de Combate ao Abuso e \u00e0 Explora\u00e7\u00e3o Sexual de Crian\u00e7as e Adolescentes"},"content":{"rendered":"\n<p>A C\u00e2mara Municipal de Pirpirituba realiza na noite desta <strong>ter\u00e7a-feira (27\/05), \u00e0s 19h30<\/strong>, uma <strong>Sess\u00e3o Especial<\/strong> em alus\u00e3o ao <strong>Dia Nacional de Combate ao Abuso e \u00e0 Explora\u00e7\u00e3o Sexual de Crian\u00e7as e Adolescentes<\/strong>, celebrado anualmente em 18 de maio. A iniciativa tem como objetivo refor\u00e7ar a import\u00e2ncia do enfrentamento a essa grave viola\u00e7\u00e3o de direitos, promovendo conscientiza\u00e7\u00e3o e mobiliza\u00e7\u00e3o social.<\/p>\n\n\n\n<p>A solenidade contar\u00e1 com a presen\u00e7a de autoridades locais, representantes de institui\u00e7\u00f5es de prote\u00e7\u00e3o \u00e0 inf\u00e2ncia e juventude, educadores e membros da sociedade civil.<\/p>\n\n\n\n<p>O presidente da C\u00e2mara, vereador <strong>Givanilson Lira (Batatinha)<\/strong>, ressaltou a relev\u00e2ncia do tema e a responsabilidade de todos na constru\u00e7\u00e3o de uma sociedade mais segura para crian\u00e7as e adolescentes:<\/p>\n\n\n\n<blockquote class=\"wp-block-quote is-layout-flow wp-block-quote-is-layout-flow\">\n<p><strong>\u201cEssa \u00e9 uma pauta que precisa da aten\u00e7\u00e3o de todos. Precisamos proteger nossas crian\u00e7as e adolescentes, garantir que cres\u00e7am com dignidade, respeito e seguran\u00e7a. A C\u00e2mara Municipal est\u00e1 aberta para fortalecer a\u00e7\u00f5es, ouvir a sociedade e buscar solu\u00e7\u00f5es concretas para combater esse tipo de crime,\u201d<\/strong> afirmou o parlamentar.<\/p>\n<\/blockquote>\n\n\n\n<p>Durante a sess\u00e3o, tamb\u00e9m est\u00e3o previstas falas de convidados que atuam na rede de prote\u00e7\u00e3o, al\u00e9m de depoimentos e apresenta\u00e7\u00f5es educativas com o objetivo de sensibilizar a popula\u00e7\u00e3o sobre a import\u00e2ncia da den\u00fancia e da preven\u00e7\u00e3o.<\/p>\n\n\n\n<p>A C\u00e2mara reafirma seu compromisso com a promo\u00e7\u00e3o e defesa dos direitos das crian\u00e7as e adolescentes, somando esfor\u00e7os com os \u00f3rg\u00e3os competentes e a comunidade para o enfrentamento do abuso e da explora\u00e7\u00e3o sexual infantil.<\/p>\n\n\n\n<p>Acompanhe atrav\u00e9s do Facebook, Youtube e Instagram da C\u00e2mara Municipal.<\/p>\n","protected":false},"excerpt":{"rendered":"<p>A C\u00e2mara Municipal de Pirpirituba realiza na noite desta ter\u00e7a-feira (27\/05), \u00e0s 19h30, uma Sess\u00e3o Especial em alus\u00e3o ao Dia Nacional de Combate ao Abuso e \u00e0 Explora\u00e7\u00e3o Sexual de Crian\u00e7as e Adolescentes, celebrado anualmente em 18 de maio. A iniciativa tem como objetivo refor\u00e7ar a import\u00e2ncia do enfrentamento a essa grave viola\u00e7\u00e3o de direitos, [&hellip;]<\/p>\n","protected":false},"author":3,"featured_media":266,"comment_status":"open","ping_status":"open","sticky":false,"template":"","format":"standard","meta":{"footnotes":""},"categories":[6],"tags":[],"class_list":["post-265","post","type-post","status-publish","format-standard","has-post-thumbnail","hentry","category-noticias"],"yoast_head":"<!-- This site is optimized with the Yoast SEO plugin v25.1 - https:\/\/yoast.com\/wordpress\/plugins\/seo\/ -->\n<title>C\u00e2mara Municipal de Pirpirituba realiza Sess\u00e3o Especial nesta ter\u00e7a (27) em alus\u00e3o ao Dia Nacional de Combate ao Abuso e \u00e0 Explora\u00e7\u00e3o Sexual de Crian\u00e7as e Adolescentes - C\u00e2mara Municipal de Pirpirituba - PB<\/title>\n<meta name=\"robots\" content=\"index, follow, max-snippet:-1, max-image-preview:large, max-video-preview:-1\" \/>\n<link rel=\"canonical\" href=\"https:\/\/pirpirituba.pb.leg.br\/noticias\/camara-municipal-de-pirpirituba-realiza-sessao-especial-nesta-terca-27-em-alusao-ao-dia-nacional-de-combate-ao-abuso-e-a-exploracao-sexual-de-criancas-e-adolescentes\/\" \/>\n<meta property=\"og:locale\" content=\"pt_BR\" \/>\n<meta property=\"og:type\" content=\"article\" \/>\n<meta property=\"og:title\" content=\"C\u00e2mara Municipal de Pirpirituba realiza Sess\u00e3o Especial nesta ter\u00e7a (27) em alus\u00e3o ao Dia Nacional de Combate ao Abuso e \u00e0 Explora\u00e7\u00e3o Sexual de Crian\u00e7as e Adolescentes - C\u00e2mara Municipal de Pirpirituba - PB\" \/>\n<meta property=\"og:description\" content=\"A C\u00e2mara Municipal de Pirpirituba realiza na noite desta ter\u00e7a-feira (27\/05), \u00e0s 19h30, uma Sess\u00e3o Especial em alus\u00e3o ao Dia Nacional de Combate ao Abuso e \u00e0 Explora\u00e7\u00e3o Sexual de Crian\u00e7as e Adolescentes, celebrado anualmente em 18 de maio. A iniciativa tem como objetivo refor\u00e7ar a import\u00e2ncia do enfrentamento a essa grave viola\u00e7\u00e3o de direitos, [&hellip;]\" \/>\n<meta property=\"og:url\" content=\"https:\/\/pirpirituba.pb.leg.br\/noticias\/camara-municipal-de-pirpirituba-realiza-sessao-especial-nesta-terca-27-em-alusao-ao-dia-nacional-de-combate-ao-abuso-e-a-exploracao-sexual-de-criancas-e-adolescentes\/\" \/>\n<meta property=\"og:site_name\" content=\"C\u00e2mara Municipal de Pirpirituba - PB\" \/>\n<meta property=\"article:published_time\" content=\"2025-05-27T16:42:46+00:00\" \/>\n<meta property=\"article:modified_time\" content=\"2025-05-27T16:42:47+00:00\" \/>\n<meta property=\"og:image\" content=\"https:\/\/pirpirituba.pb.leg.br\/wp-content\/uploads\/2025\/05\/maiolaranja_fb.jpg\" \/>\n\t<meta property=\"og:image:width\" content=\"1200\" \/>\n\t<meta property=\"og:image:height\" content=\"628\" \/>\n\t<meta property=\"og:image:type\" content=\"image\/jpeg\" \/>\n<meta name=\"author\" content=\"David Maia\" \/>\n<meta name=\"twitter:card\" content=\"summary_large_image\" \/>\n<meta name=\"twitter:label1\" content=\"Escrito por\" \/>\n\t<meta name=\"twitter:data1\" content=\"David Maia\" \/>\n\t<meta name=\"twitter:label2\" content=\"Est. tempo de leitura\" \/>\n\t<meta name=\"twitter:data2\" content=\"2 minutos\" \/>\n<script type=\"application\/ld+json\" class=\"yoast-schema-graph\">{\"@context\":\"https:\/\/schema.org\",\"@graph\":[{\"@type\":\"Article\",\"@id\":\"https:\/\/pirpirituba.pb.leg.br\/noticias\/camara-municipal-de-pirpirituba-realiza-sessao-especial-nesta-terca-27-em-alusao-ao-dia-nacional-de-combate-ao-abuso-e-a-exploracao-sexual-de-criancas-e-adolescentes\/#article\",\"isPartOf\":{\"@id\":\"https:\/\/pirpirituba.pb.leg.br\/noticias\/camara-municipal-de-pirpirituba-realiza-sessao-especial-nesta-terca-27-em-alusao-ao-dia-nacional-de-combate-ao-abuso-e-a-exploracao-sexual-de-criancas-e-adolescentes\/\"},\"author\":{\"name\":\"David Maia\",\"@id\":\"https:\/\/pirpirituba.pb.leg.br\/#\/schema\/person\/8bc90b9fc557d92690c756e61a4331cc\"},\"headline\":\"C\u00e2mara Municipal de Pirpirituba realiza Sess\u00e3o Especial nesta ter\u00e7a (27) em alus\u00e3o ao Dia Nacional de Combate ao Abuso e \u00e0 Explora\u00e7\u00e3o Sexual de Crian\u00e7as e Adolescentes\",\"datePublished\":\"2025-05-27T16:42:46+00:00\",\"dateModified\":\"2025-05-27T16:42:47+00:00\",\"mainEntityOfPage\":{\"@id\":\"https:\/\/pirpirituba.pb.leg.br\/noticias\/camara-municipal-de-pirpirituba-realiza-sessao-especial-nesta-terca-27-em-alusao-ao-dia-nacional-de-combate-ao-abuso-e-a-exploracao-sexual-de-criancas-e-adolescentes\/\"},\"wordCount\":312,\"commentCount\":0,\"publisher\":{\"@id\":\"https:\/\/pirpirituba.pb.leg.br\/#organization\"},\"image\":{\"@id\":\"https:\/\/pirpirituba.pb.leg.br\/noticias\/camara-municipal-de-pirpirituba-realiza-sessao-especial-nesta-terca-27-em-alusao-ao-dia-nacional-de-combate-ao-abuso-e-a-exploracao-sexual-de-criancas-e-adolescentes\/#primaryimage\"},\"thumbnailUrl\":\"https:\/\/pirpirituba.pb.leg.br\/wp-content\/uploads\/2025\/05\/maiolaranja_fb.jpg\",\"articleSection\":[\"Not\u00edcias\"],\"inLanguage\":\"pt-BR\",\"potentialAction\":[{\"@type\":\"CommentAction\",\"name\":\"Comment\",\"target\":[\"https:\/\/pirpirituba.pb.leg.br\/noticias\/camara-municipal-de-pirpirituba-realiza-sessao-especial-nesta-terca-27-em-alusao-ao-dia-nacional-de-combate-ao-abuso-e-a-exploracao-sexual-de-criancas-e-adolescentes\/#respond\"]}]},{\"@type\":\"WebPage\",\"@id\":\"https:\/\/pirpirituba.pb.leg.br\/noticias\/camara-municipal-de-pirpirituba-realiza-sessao-especial-nesta-terca-27-em-alusao-ao-dia-nacional-de-combate-ao-abuso-e-a-exploracao-sexual-de-criancas-e-adolescentes\/\",\"url\":\"https:\/\/pirpirituba.pb.leg.br\/noticias\/camara-municipal-de-pirpirituba-realiza-sessao-especial-nesta-terca-27-em-alusao-ao-dia-nacional-de-combate-ao-abuso-e-a-exploracao-sexual-de-criancas-e-adolescentes\/\",\"name\":\"C\u00e2mara Municipal de Pirpirituba realiza Sess\u00e3o Especial nesta ter\u00e7a (27) em alus\u00e3o ao Dia Nacional de Combate ao Abuso e \u00e0 Explora\u00e7\u00e3o Sexual de Crian\u00e7as e Adolescentes - C\u00e2mara Municipal de Pirpirituba - PB\",\"isPartOf\":{\"@id\":\"https:\/\/pirpirituba.pb.leg.br\/#website\"},\"primaryImageOfPage\":{\"@id\":\"https:\/\/pirpirituba.pb.leg.br\/noticias\/camara-municipal-de-pirpirituba-realiza-sessao-especial-nesta-terca-27-em-alusao-ao-dia-nacional-de-combate-ao-abuso-e-a-exploracao-sexual-de-criancas-e-adolescentes\/#primaryimage\"},\"image\":{\"@id\":\"https:\/\/pirpirituba.pb.leg.br\/noticias\/camara-municipal-de-pirpirituba-realiza-sessao-especial-nesta-terca-27-em-alusao-ao-dia-nacional-de-combate-ao-abuso-e-a-exploracao-sexual-de-criancas-e-adolescentes\/#primaryimage\"},\"thumbnailUrl\":\"https:\/\/pirpirituba.pb.leg.br\/wp-content\/uploads\/2025\/05\/maiolaranja_fb.jpg\",\"datePublished\":\"2025-05-27T16:42:46+00:00\",\"dateModified\":\"2025-05-27T16:42:47+00:00\",\"breadcrumb\":{\"@id\":\"https:\/\/pirpirituba.pb.leg.br\/noticias\/camara-municipal-de-pirpirituba-realiza-sessao-especial-nesta-terca-27-em-alusao-ao-dia-nacional-de-combate-ao-abuso-e-a-exploracao-sexual-de-criancas-e-adolescentes\/#breadcrumb\"},\"inLanguage\":\"pt-BR\",\"potentialAction\":[{\"@type\":\"ReadAction\",\"target\":[\"https:\/\/pirpirituba.pb.leg.br\/noticias\/camara-municipal-de-pirpirituba-realiza-sessao-especial-nesta-terca-27-em-alusao-ao-dia-nacional-de-combate-ao-abuso-e-a-exploracao-sexual-de-criancas-e-adolescentes\/\"]}]},{\"@type\":\"ImageObject\",\"inLanguage\":\"pt-BR\",\"@id\":\"https:\/\/pirpirituba.pb.leg.br\/noticias\/camara-municipal-de-pirpirituba-realiza-sessao-especial-nesta-terca-27-em-alusao-ao-dia-nacional-de-combate-ao-abuso-e-a-exploracao-sexual-de-criancas-e-adolescentes\/#primaryimage\",\"url\":\"https:\/\/pirpirituba.pb.leg.br\/wp-content\/uploads\/2025\/05\/maiolaranja_fb.jpg\",\"contentUrl\":\"https:\/\/pirpirituba.pb.leg.br\/wp-content\/uploads\/2025\/05\/maiolaranja_fb.jpg\",\"width\":1200,\"height\":628},{\"@type\":\"BreadcrumbList\",\"@id\":\"https:\/\/pirpirituba.pb.leg.br\/noticias\/camara-municipal-de-pirpirituba-realiza-sessao-especial-nesta-terca-27-em-alusao-ao-dia-nacional-de-combate-ao-abuso-e-a-exploracao-sexual-de-criancas-e-adolescentes\/#breadcrumb\",\"itemListElement\":[{\"@type\":\"ListItem\",\"position\":1,\"name\":\"In\u00edcio\",\"item\":\"https:\/\/pirpirituba.pb.leg.br\/\"},{\"@type\":\"ListItem\",\"position\":2,\"name\":\"C\u00e2mara Municipal de Pirpirituba realiza Sess\u00e3o Especial nesta ter\u00e7a (27) em alus\u00e3o ao Dia Nacional de Combate ao Abuso e \u00e0 Explora\u00e7\u00e3o Sexual de Crian\u00e7as e Adolescentes\"}]},{\"@type\":\"WebSite\",\"@id\":\"https:\/\/pirpirituba.pb.leg.br\/#website\",\"url\":\"https:\/\/pirpirituba.pb.leg.br\/\",\"name\":\"C\u00e2mara Municipal de Pirpirituba - PB\",\"description\":\"\",\"publisher\":{\"@id\":\"https:\/\/pirpirituba.pb.leg.br\/#organization\"},\"potentialAction\":[{\"@type\":\"SearchAction\",\"target\":{\"@type\":\"EntryPoint\",\"urlTemplate\":\"https:\/\/pirpirituba.pb.leg.br\/?s={search_term_string}\"},\"query-input\":{\"@type\":\"PropertyValueSpecification\",\"valueRequired\":true,\"valueName\":\"search_term_string\"}}],\"inLanguage\":\"pt-BR\"},{\"@type\":\"Organization\",\"@id\":\"https:\/\/pirpirituba.pb.leg.br\/#organization\",\"name\":\"C\u00e2mara Municipal de Pirpirituba - PB\",\"url\":\"https:\/\/pirpirituba.pb.leg.br\/\",\"logo\":{\"@type\":\"ImageObject\",\"inLanguage\":\"pt-BR\",\"@id\":\"https:\/\/pirpirituba.pb.leg.br\/#\/schema\/logo\/image\/\",\"url\":\"https:\/\/pirpirituba.pb.leg.br\/wp-content\/uploads\/2025\/01\/image1.png\",\"contentUrl\":\"https:\/\/pirpirituba.pb.leg.br\/wp-content\/uploads\/2025\/01\/image1.png\",\"width\":300,\"height\":78,\"caption\":\"C\u00e2mara Municipal de Pirpirituba - PB\"},\"image\":{\"@id\":\"https:\/\/pirpirituba.pb.leg.br\/#\/schema\/logo\/image\/\"}},{\"@type\":\"Person\",\"@id\":\"https:\/\/pirpirituba.pb.leg.br\/#\/schema\/person\/8bc90b9fc557d92690c756e61a4331cc\",\"name\":\"David Maia\",\"image\":{\"@type\":\"ImageObject\",\"inLanguage\":\"pt-BR\",\"@id\":\"https:\/\/pirpirituba.pb.leg.br\/#\/schema\/person\/image\/\",\"url\":\"https:\/\/secure.gravatar.com\/avatar\/5c858f5c6e666e3a3908d316a7bc3634?s=96&d=mm&r=g\",\"contentUrl\":\"https:\/\/secure.gravatar.com\/avatar\/5c858f5c6e666e3a3908d316a7bc3634?s=96&d=mm&r=g\",\"caption\":\"David Maia\"},\"url\":\"https:\/\/pirpirituba.pb.leg.br\/author\/david\/\"}]}<\/script>\n<!-- \/ Yoast SEO plugin. -->","yoast_head_json":{"title":"C\u00e2mara Municipal de Pirpirituba realiza Sess\u00e3o Especial nesta ter\u00e7a (27) em alus\u00e3o ao Dia Nacional de Combate ao Abuso e \u00e0 Explora\u00e7\u00e3o Sexual de Crian\u00e7as e Adolescentes - C\u00e2mara Municipal de Pirpirituba - PB","robots":{"index":"index","follow":"follow","max-snippet":"max-snippet:-1","max-image-preview":"max-image-preview:large","max-video-preview":"max-video-preview:-1"},"canonical":"https:\/\/pirpirituba.pb.leg.br\/noticias\/camara-municipal-de-pirpirituba-realiza-sessao-especial-nesta-terca-27-em-alusao-ao-dia-nacional-de-combate-ao-abuso-e-a-exploracao-sexual-de-criancas-e-adolescentes\/","og_locale":"pt_BR","og_type":"article","og_title":"C\u00e2mara Municipal de Pirpirituba realiza Sess\u00e3o Especial nesta ter\u00e7a (27) em alus\u00e3o ao Dia Nacional de Combate ao Abuso e \u00e0 Explora\u00e7\u00e3o Sexual de Crian\u00e7as e Adolescentes - C\u00e2mara Municipal de Pirpirituba - PB","og_description":"A C\u00e2mara Municipal de Pirpirituba realiza na noite desta ter\u00e7a-feira (27\/05), \u00e0s 19h30, uma Sess\u00e3o Especial em alus\u00e3o ao Dia Nacional de Combate ao Abuso e \u00e0 Explora\u00e7\u00e3o Sexual de Crian\u00e7as e Adolescentes, celebrado anualmente em 18 de maio. A iniciativa tem como objetivo refor\u00e7ar a import\u00e2ncia do enfrentamento a essa grave viola\u00e7\u00e3o de direitos, [&hellip;]","og_url":"https:\/\/pirpirituba.pb.leg.br\/noticias\/camara-municipal-de-pirpirituba-realiza-sessao-especial-nesta-terca-27-em-alusao-ao-dia-nacional-de-combate-ao-abuso-e-a-exploracao-sexual-de-criancas-e-adolescentes\/","og_site_name":"C\u00e2mara Municipal de Pirpirituba - PB","article_published_time":"2025-05-27T16:42:46+00:00","article_modified_time":"2025-05-27T16:42:47+00:00","og_image":[{"width":1200,"height":628,"url":"https:\/\/pirpirituba.pb.leg.br\/wp-content\/uploads\/2025\/05\/maiolaranja_fb.jpg","type":"image\/jpeg"}],"author":"David Maia","twitter_card":"summary_large_image","twitter_misc":{"Escrito por":"David Maia","Est. tempo de leitura":"2 minutos"},"schema":{"@context":"https:\/\/schema.org","@graph":[{"@type":"Article","@id":"https:\/\/pirpirituba.pb.leg.br\/noticias\/camara-municipal-de-pirpirituba-realiza-sessao-especial-nesta-terca-27-em-alusao-ao-dia-nacional-de-combate-ao-abuso-e-a-exploracao-sexual-de-criancas-e-adolescentes\/#article","isPartOf":{"@id":"https:\/\/pirpirituba.pb.leg.br\/noticias\/camara-municipal-de-pirpirituba-realiza-sessao-especial-nesta-terca-27-em-alusao-ao-dia-nacional-de-combate-ao-abuso-e-a-exploracao-sexual-de-criancas-e-adolescentes\/"},"author":{"name":"David Maia","@id":"https:\/\/pirpirituba.pb.leg.br\/#\/schema\/person\/8bc90b9fc557d92690c756e61a4331cc"},"headline":"C\u00e2mara Municipal de Pirpirituba realiza Sess\u00e3o Especial nesta ter\u00e7a (27) em alus\u00e3o ao Dia Nacional de Combate ao Abuso e \u00e0 Explora\u00e7\u00e3o Sexual de Crian\u00e7as e Adolescentes","datePublished":"2025-05-27T16:42:46+00:00","dateModified":"2025-05-27T16:42:47+00:00","mainEntityOfPage":{"@id":"https:\/\/pirpirituba.pb.leg.br\/noticias\/camara-municipal-de-pirpirituba-realiza-sessao-especial-nesta-terca-27-em-alusao-ao-dia-nacional-de-combate-ao-abuso-e-a-exploracao-sexual-de-criancas-e-adolescentes\/"},"wordCount":312,"commentCount":0,"publisher":{"@id":"https:\/\/pirpirituba.pb.leg.br\/#organization"},"image":{"@id":"https:\/\/pirpirituba.pb.leg.br\/noticias\/camara-municipal-de-pirpirituba-realiza-sessao-especial-nesta-terca-27-em-alusao-ao-dia-nacional-de-combate-ao-abuso-e-a-exploracao-sexual-de-criancas-e-adolescentes\/#primaryimage"},"thumbnailUrl":"https:\/\/pirpirituba.pb.leg.br\/wp-content\/uploads\/2025\/05\/maiolaranja_fb.jpg","articleSection":["Not\u00edcias"],"inLanguage":"pt-BR","potentialAction":[{"@type":"CommentAction","name":"Comment","target":["https:\/\/pirpirituba.pb.leg.br\/noticias\/camara-municipal-de-pirpirituba-realiza-sessao-especial-nesta-terca-27-em-alusao-ao-dia-nacional-de-combate-ao-abuso-e-a-exploracao-sexual-de-criancas-e-adolescentes\/#respond"]}]},{"@type":"WebPage","@id":"https:\/\/pirpirituba.pb.leg.br\/noticias\/camara-municipal-de-pirpirituba-realiza-sessao-especial-nesta-terca-27-em-alusao-ao-dia-nacional-de-combate-ao-abuso-e-a-exploracao-sexual-de-criancas-e-adolescentes\/","url":"https:\/\/pirpirituba.pb.leg.br\/noticias\/camara-municipal-de-pirpirituba-realiza-sessao-especial-nesta-terca-27-em-alusao-ao-dia-nacional-de-combate-ao-abuso-e-a-exploracao-sexual-de-criancas-e-adolescentes\/","name":"C\u00e2mara Municipal de Pirpirituba realiza Sess\u00e3o Especial nesta ter\u00e7a (27) em alus\u00e3o ao Dia Nacional de Combate ao Abuso e \u00e0 Explora\u00e7\u00e3o Sexual de Crian\u00e7as e Adolescentes - C\u00e2mara Municipal de Pirpirituba - PB","isPartOf":{"@id":"https:\/\/pirpirituba.pb.leg.br\/#website"},"primaryImageOfPage":{"@id":"https:\/\/pirpirituba.pb.leg.br\/noticias\/camara-municipal-de-pirpirituba-realiza-sessao-especial-nesta-terca-27-em-alusao-ao-dia-nacional-de-combate-ao-abuso-e-a-exploracao-sexual-de-criancas-e-adolescentes\/#primaryimage"},"image":{"@id":"https:\/\/pirpirituba.pb.leg.br\/noticias\/camara-municipal-de-pirpirituba-realiza-sessao-especial-nesta-terca-27-em-alusao-ao-dia-nacional-de-combate-ao-abuso-e-a-exploracao-sexual-de-criancas-e-adolescentes\/#primaryimage"},"thumbnailUrl":"https:\/\/pirpirituba.pb.leg.br\/wp-content\/uploads\/2025\/05\/maiolaranja_fb.jpg","datePublished":"2025-05-27T16:42:46+00:00","dateModified":"2025-05-27T16:42:47+00:00","breadcrumb":{"@id":"https:\/\/pirpirituba.pb.leg.br\/noticias\/camara-municipal-de-pirpirituba-realiza-sessao-especial-nesta-terca-27-em-alusao-ao-dia-nacional-de-combate-ao-abuso-e-a-exploracao-sexual-de-criancas-e-adolescentes\/#breadcrumb"},"inLanguage":"pt-BR","potentialAction":[{"@type":"ReadAction","target":["https:\/\/pirpirituba.pb.leg.br\/noticias\/camara-municipal-de-pirpirituba-realiza-sessao-especial-nesta-terca-27-em-alusao-ao-dia-nacional-de-combate-ao-abuso-e-a-exploracao-sexual-de-criancas-e-adolescentes\/"]}]},{"@type":"ImageObject","inLanguage":"pt-BR","@id":"https:\/\/pirpirituba.pb.leg.br\/noticias\/camara-municipal-de-pirpirituba-realiza-sessao-especial-nesta-terca-27-em-alusao-ao-dia-nacional-de-combate-ao-abuso-e-a-exploracao-sexual-de-criancas-e-adolescentes\/#primaryimage","url":"https:\/\/pirpirituba.pb.leg.br\/wp-content\/uploads\/2025\/05\/maiolaranja_fb.jpg","contentUrl":"https:\/\/pirpirituba.pb.leg.br\/wp-content\/uploads\/2025\/05\/maiolaranja_fb.jpg","width":1200,"height":628},{"@type":"BreadcrumbList","@id":"https:\/\/pirpirituba.pb.leg.br\/noticias\/camara-municipal-de-pirpirituba-realiza-sessao-especial-nesta-terca-27-em-alusao-ao-dia-nacional-de-combate-ao-abuso-e-a-exploracao-sexual-de-criancas-e-adolescentes\/#breadcrumb","itemListElement":[{"@type":"ListItem","position":1,"name":"In\u00edcio","item":"https:\/\/pirpirituba.pb.leg.br\/"},{"@type":"ListItem","position":2,"name":"C\u00e2mara Municipal de Pirpirituba realiza Sess\u00e3o Especial nesta ter\u00e7a (27) em alus\u00e3o ao Dia Nacional de Combate ao Abuso e \u00e0 Explora\u00e7\u00e3o Sexual de Crian\u00e7as e Adolescentes"}]},{"@type":"WebSite","@id":"https:\/\/pirpirituba.pb.leg.br\/#website","url":"https:\/\/pirpirituba.pb.leg.br\/","name":"C\u00e2mara Municipal de Pirpirituba - PB","description":"","publisher":{"@id":"https:\/\/pirpirituba.pb.leg.br\/#organization"},"potentialAction":[{"@type":"SearchAction","target":{"@type":"EntryPoint","urlTemplate":"https:\/\/pirpirituba.pb.leg.br\/?s={search_term_string}"},"query-input":{"@type":"PropertyValueSpecification","valueRequired":true,"valueName":"search_term_string"}}],"inLanguage":"pt-BR"},{"@type":"Organization","@id":"https:\/\/pirpirituba.pb.leg.br\/#organization","name":"C\u00e2mara Municipal de Pirpirituba - PB","url":"https:\/\/pirpirituba.pb.leg.br\/","logo":{"@type":"ImageObject","inLanguage":"pt-BR","@id":"https:\/\/pirpirituba.pb.leg.br\/#\/schema\/logo\/image\/","url":"https:\/\/pirpirituba.pb.leg.br\/wp-content\/uploads\/2025\/01\/image1.png","contentUrl":"https:\/\/pirpirituba.pb.leg.br\/wp-content\/uploads\/2025\/01\/image1.png","width":300,"height":78,"caption":"C\u00e2mara Municipal de Pirpirituba - PB"},"image":{"@id":"https:\/\/pirpirituba.pb.leg.br\/#\/schema\/logo\/image\/"}},{"@type":"Person","@id":"https:\/\/pirpirituba.pb.leg.br\/#\/schema\/person\/8bc90b9fc557d92690c756e61a4331cc","name":"David Maia","image":{"@type":"ImageObject","inLanguage":"pt-BR","@id":"https:\/\/pirpirituba.pb.leg.br\/#\/schema\/person\/image\/","url":"https:\/\/secure.gravatar.com\/avatar\/5c858f5c6e666e3a3908d316a7bc3634?s=96&d=mm&r=g","contentUrl":"https:\/\/secure.gravatar.com\/avatar\/5c858f5c6e666e3a3908d316a7bc3634?s=96&d=mm&r=g","caption":"David Maia"},"url":"https:\/\/pirpirituba.pb.leg.br\/author\/david\/"}]}},"_links":{"self":[{"href":"https:\/\/pirpirituba.pb.leg.br\/wp-json\/wp\/v2\/posts\/265","targetHints":{"allow":["GET"]}}],"collection":[{"href":"https:\/\/pirpirituba.pb.leg.br\/wp-json\/wp\/v2\/posts"}],"about":[{"href":"https:\/\/pirpirituba.pb.leg.br\/wp-json\/wp\/v2\/types\/post"}],"author":[{"embeddable":true,"href":"https:\/\/pirpirituba.pb.leg.br\/wp-json\/wp\/v2\/users\/3"}],"replies":[{"embeddable":true,"href":"https:\/\/pirpirituba.pb.leg.br\/wp-json\/wp\/v2\/comments?post=265"}],"version-history":[{"count":1,"href":"https:\/\/pirpirituba.pb.leg.br\/wp-json\/wp\/v2\/posts\/265\/revisions"}],"predecessor-version":[{"id":267,"href":"https:\/\/pirpirituba.pb.leg.br\/wp-json\/wp\/v2\/posts\/265\/revisions\/267"}],"wp:featuredmedia":[{"embeddable":true,"href":"https:\/\/pirpirituba.pb.leg.br\/wp-json\/wp\/v2\/media\/266"}],"wp:attachment":[{"href":"https:\/\/pirpirituba.pb.leg.br\/wp-json\/wp\/v2\/media?parent=265"}],"wp:term":[{"taxonomy":"category","embeddable":true,"href":"https:\/\/pirpirituba.pb.leg.br\/wp-json\/wp\/v2\/categories?post=265"},{"taxonomy":"post_tag","embeddable":true,"href":"https:\/\/pirpirituba.pb.leg.br\/wp-json\/wp\/v2\/tags?post=265"}],"curies":[{"name":"wp","href":"https:\/\/api.w.org\/{rel}","templated":true}]}}