{"id":234,"date":"2025-05-19T12:05:09","date_gmt":"2025-05-19T15:05:09","guid":{"rendered":"https:\/\/pirpirituba.pb.leg.br\/?p=234"},"modified":"2025-05-19T12:05:10","modified_gmt":"2025-05-19T15:05:10","slug":"audiencia-publica-para-tratar-das-blitz-e-multas-em-pirpirituba-acontece-nesta-quinta-feira","status":"publish","type":"post","link":"https:\/\/pirpirituba.pb.leg.br\/noticias\/audiencia-publica-para-tratar-das-blitz-e-multas-em-pirpirituba-acontece-nesta-quinta-feira\/","title":{"rendered":"Audi\u00eancia p\u00fablica para tratar das blitz e multas em Pirpirituba acontece nesta quinta-feira"},"content":{"rendered":"\n<p>A C\u00e2mara Municipal de Pirpirituba realiz\u00e1, nesta quinta-feira, uma audi\u00eancia p\u00fablica para discutir sobre as blitz e as aplica\u00e7\u00f5es frequente de multas no munic\u00edpio. A iniciativa \u00e9 fruto do Requerimento n\u00ba 101\/2025, de autoria do vereador e Presidente da C\u00e2mara Givanilson Lira de Freitas (Batatinha), aprovado por unanimidade pelos parlamentares.<\/p>\n\n\n\n<p>O evento tem como objetivo ouvir a popula\u00e7\u00e3o, debater os impactos dessas a\u00e7\u00f5es na vida dos cidad\u00e3os pirpiritubenses e buscar solu\u00e7\u00f5es em conjunto com autoridades competentes. Est\u00e3o sendo convidados representantes da Pol\u00edcia Militar e demais \u00f3rg\u00e3os respons\u00e1veis pela fiscaliza\u00e7\u00e3o de tr\u00e2nsito.<\/p>\n\n\n\n<p>Segundo o Presidente Batatinha, a audi\u00eancia p\u00fablica ser\u00e1 um momento importante de di\u00e1logo e constru\u00e7\u00e3o coletiva:<br><em>&#8220;\u00c9 fundamental que os moradores tenham a oportunidade de se expressar e participar ativamente da defini\u00e7\u00e3o de pol\u00edticas p\u00fablicas que impactam diretamente seu dia a dia.&#8221;<\/em><\/p>\n\n\n\n<p>A audi\u00eancia acontece na <strong>quinta-feira, dia 22 de maio<\/strong>, na <strong>C\u00e2mara Municipal de Pirpirituba<\/strong>, com in\u00edcio previsto para as <strong>19h30<\/strong>. Toda a popula\u00e7\u00e3o est\u00e1 convidada a participar.<\/p>\n\n\n\n<p>A C\u00e2mara refor\u00e7a seu compromisso com a escuta ativa da comunidade e a busca por um ambiente mais justo, seguro e harmonioso para todos.<\/p>\n","protected":false},"excerpt":{"rendered":"<p>A C\u00e2mara Municipal de Pirpirituba realiz\u00e1, nesta quinta-feira, uma audi\u00eancia p\u00fablica para discutir sobre as blitz e as aplica\u00e7\u00f5es frequente de multas no munic\u00edpio. A iniciativa \u00e9 fruto do Requerimento n\u00ba 101\/2025, de autoria do vereador e Presidente da C\u00e2mara Givanilson Lira de Freitas (Batatinha), aprovado por unanimidade pelos parlamentares. O evento tem como objetivo [&hellip;]<\/p>\n","protected":false},"author":3,"featured_media":235,"comment_status":"open","ping_status":"open","sticky":false,"template":"","format":"standard","meta":{"footnotes":""},"categories":[6],"tags":[],"class_list":["post-234","post","type-post","status-publish","format-standard","has-post-thumbnail","hentry","category-noticias"],"yoast_head":"<!-- This site is optimized with the Yoast SEO plugin v25.1 - https:\/\/yoast.com\/wordpress\/plugins\/seo\/ -->\n<title>Audi\u00eancia p\u00fablica para tratar das blitz e multas em Pirpirituba acontece nesta quinta-feira - C\u00e2mara Municipal de Pirpirituba - PB<\/title>\n<meta name=\"robots\" content=\"index, follow, max-snippet:-1, max-image-preview:large, max-video-preview:-1\" \/>\n<link rel=\"canonical\" href=\"https:\/\/pirpirituba.pb.leg.br\/noticias\/audiencia-publica-para-tratar-das-blitz-e-multas-em-pirpirituba-acontece-nesta-quinta-feira\/\" \/>\n<meta property=\"og:locale\" content=\"pt_BR\" \/>\n<meta property=\"og:type\" content=\"article\" \/>\n<meta property=\"og:title\" content=\"Audi\u00eancia p\u00fablica para tratar das blitz e multas em Pirpirituba acontece nesta quinta-feira - C\u00e2mara Municipal de Pirpirituba - PB\" \/>\n<meta property=\"og:description\" content=\"A C\u00e2mara Municipal de Pirpirituba realiz\u00e1, nesta quinta-feira, uma audi\u00eancia p\u00fablica para discutir sobre as blitz e as aplica\u00e7\u00f5es frequente de multas no munic\u00edpio. A iniciativa \u00e9 fruto do Requerimento n\u00ba 101\/2025, de autoria do vereador e Presidente da C\u00e2mara Givanilson Lira de Freitas (Batatinha), aprovado por unanimidade pelos parlamentares. O evento tem como objetivo [&hellip;]\" \/>\n<meta property=\"og:url\" content=\"https:\/\/pirpirituba.pb.leg.br\/noticias\/audiencia-publica-para-tratar-das-blitz-e-multas-em-pirpirituba-acontece-nesta-quinta-feira\/\" \/>\n<meta property=\"og:site_name\" content=\"C\u00e2mara Municipal de Pirpirituba - PB\" \/>\n<meta property=\"article:published_time\" content=\"2025-05-19T15:05:09+00:00\" \/>\n<meta property=\"article:modified_time\" content=\"2025-05-19T15:05:10+00:00\" \/>\n<meta property=\"og:image\" content=\"https:\/\/pirpirituba.pb.leg.br\/wp-content\/uploads\/2025\/05\/17_13_44_71_cavalete_transito.jpg\" \/>\n\t<meta property=\"og:image:width\" content=\"1800\" \/>\n\t<meta property=\"og:image:height\" content=\"1350\" \/>\n\t<meta property=\"og:image:type\" content=\"image\/jpeg\" \/>\n<meta name=\"author\" content=\"David Maia\" \/>\n<meta name=\"twitter:card\" content=\"summary_large_image\" \/>\n<meta name=\"twitter:label1\" content=\"Escrito por\" \/>\n\t<meta name=\"twitter:data1\" content=\"David Maia\" \/>\n\t<meta name=\"twitter:label2\" content=\"Est. tempo de leitura\" \/>\n\t<meta name=\"twitter:data2\" content=\"1 minuto\" \/>\n<script type=\"application\/ld+json\" class=\"yoast-schema-graph\">{\"@context\":\"https:\/\/schema.org\",\"@graph\":[{\"@type\":\"Article\",\"@id\":\"https:\/\/pirpirituba.pb.leg.br\/noticias\/audiencia-publica-para-tratar-das-blitz-e-multas-em-pirpirituba-acontece-nesta-quinta-feira\/#article\",\"isPartOf\":{\"@id\":\"https:\/\/pirpirituba.pb.leg.br\/noticias\/audiencia-publica-para-tratar-das-blitz-e-multas-em-pirpirituba-acontece-nesta-quinta-feira\/\"},\"author\":{\"name\":\"David Maia\",\"@id\":\"https:\/\/pirpirituba.pb.leg.br\/#\/schema\/person\/8bc90b9fc557d92690c756e61a4331cc\"},\"headline\":\"Audi\u00eancia p\u00fablica para tratar das blitz e multas em Pirpirituba acontece nesta quinta-feira\",\"datePublished\":\"2025-05-19T15:05:09+00:00\",\"dateModified\":\"2025-05-19T15:05:10+00:00\",\"mainEntityOfPage\":{\"@id\":\"https:\/\/pirpirituba.pb.leg.br\/noticias\/audiencia-publica-para-tratar-das-blitz-e-multas-em-pirpirituba-acontece-nesta-quinta-feira\/\"},\"wordCount\":224,\"commentCount\":0,\"publisher\":{\"@id\":\"https:\/\/pirpirituba.pb.leg.br\/#organization\"},\"image\":{\"@id\":\"https:\/\/pirpirituba.pb.leg.br\/noticias\/audiencia-publica-para-tratar-das-blitz-e-multas-em-pirpirituba-acontece-nesta-quinta-feira\/#primaryimage\"},\"thumbnailUrl\":\"https:\/\/pirpirituba.pb.leg.br\/wp-content\/uploads\/2025\/05\/17_13_44_71_cavalete_transito.jpg\",\"articleSection\":[\"Not\u00edcias\"],\"inLanguage\":\"pt-BR\",\"potentialAction\":[{\"@type\":\"CommentAction\",\"name\":\"Comment\",\"target\":[\"https:\/\/pirpirituba.pb.leg.br\/noticias\/audiencia-publica-para-tratar-das-blitz-e-multas-em-pirpirituba-acontece-nesta-quinta-feira\/#respond\"]}]},{\"@type\":\"WebPage\",\"@id\":\"https:\/\/pirpirituba.pb.leg.br\/noticias\/audiencia-publica-para-tratar-das-blitz-e-multas-em-pirpirituba-acontece-nesta-quinta-feira\/\",\"url\":\"https:\/\/pirpirituba.pb.leg.br\/noticias\/audiencia-publica-para-tratar-das-blitz-e-multas-em-pirpirituba-acontece-nesta-quinta-feira\/\",\"name\":\"Audi\u00eancia p\u00fablica para tratar das blitz e multas em Pirpirituba acontece nesta quinta-feira - C\u00e2mara Municipal de Pirpirituba - PB\",\"isPartOf\":{\"@id\":\"https:\/\/pirpirituba.pb.leg.br\/#website\"},\"primaryImageOfPage\":{\"@id\":\"https:\/\/pirpirituba.pb.leg.br\/noticias\/audiencia-publica-para-tratar-das-blitz-e-multas-em-pirpirituba-acontece-nesta-quinta-feira\/#primaryimage\"},\"image\":{\"@id\":\"https:\/\/pirpirituba.pb.leg.br\/noticias\/audiencia-publica-para-tratar-das-blitz-e-multas-em-pirpirituba-acontece-nesta-quinta-feira\/#primaryimage\"},\"thumbnailUrl\":\"https:\/\/pirpirituba.pb.leg.br\/wp-content\/uploads\/2025\/05\/17_13_44_71_cavalete_transito.jpg\",\"datePublished\":\"2025-05-19T15:05:09+00:00\",\"dateModified\":\"2025-05-19T15:05:10+00:00\",\"breadcrumb\":{\"@id\":\"https:\/\/pirpirituba.pb.leg.br\/noticias\/audiencia-publica-para-tratar-das-blitz-e-multas-em-pirpirituba-acontece-nesta-quinta-feira\/#breadcrumb\"},\"inLanguage\":\"pt-BR\",\"potentialAction\":[{\"@type\":\"ReadAction\",\"target\":[\"https:\/\/pirpirituba.pb.leg.br\/noticias\/audiencia-publica-para-tratar-das-blitz-e-multas-em-pirpirituba-acontece-nesta-quinta-feira\/\"]}]},{\"@type\":\"ImageObject\",\"inLanguage\":\"pt-BR\",\"@id\":\"https:\/\/pirpirituba.pb.leg.br\/noticias\/audiencia-publica-para-tratar-das-blitz-e-multas-em-pirpirituba-acontece-nesta-quinta-feira\/#primaryimage\",\"url\":\"https:\/\/pirpirituba.pb.leg.br\/wp-content\/uploads\/2025\/05\/17_13_44_71_cavalete_transito.jpg\",\"contentUrl\":\"https:\/\/pirpirituba.pb.leg.br\/wp-content\/uploads\/2025\/05\/17_13_44_71_cavalete_transito.jpg\",\"width\":1800,\"height\":1350,\"caption\":\"High Resolution Under Costruction Concept\"},{\"@type\":\"BreadcrumbList\",\"@id\":\"https:\/\/pirpirituba.pb.leg.br\/noticias\/audiencia-publica-para-tratar-das-blitz-e-multas-em-pirpirituba-acontece-nesta-quinta-feira\/#breadcrumb\",\"itemListElement\":[{\"@type\":\"ListItem\",\"position\":1,\"name\":\"In\u00edcio\",\"item\":\"https:\/\/pirpirituba.pb.leg.br\/\"},{\"@type\":\"ListItem\",\"position\":2,\"name\":\"Audi\u00eancia p\u00fablica para tratar das blitz e multas em Pirpirituba acontece nesta quinta-feira\"}]},{\"@type\":\"WebSite\",\"@id\":\"https:\/\/pirpirituba.pb.leg.br\/#website\",\"url\":\"https:\/\/pirpirituba.pb.leg.br\/\",\"name\":\"C\u00e2mara Municipal de Pirpirituba - PB\",\"description\":\"\",\"publisher\":{\"@id\":\"https:\/\/pirpirituba.pb.leg.br\/#organization\"},\"potentialAction\":[{\"@type\":\"SearchAction\",\"target\":{\"@type\":\"EntryPoint\",\"urlTemplate\":\"https:\/\/pirpirituba.pb.leg.br\/?s={search_term_string}\"},\"query-input\":{\"@type\":\"PropertyValueSpecification\",\"valueRequired\":true,\"valueName\":\"search_term_string\"}}],\"inLanguage\":\"pt-BR\"},{\"@type\":\"Organization\",\"@id\":\"https:\/\/pirpirituba.pb.leg.br\/#organization\",\"name\":\"C\u00e2mara Municipal de Pirpirituba - PB\",\"url\":\"https:\/\/pirpirituba.pb.leg.br\/\",\"logo\":{\"@type\":\"ImageObject\",\"inLanguage\":\"pt-BR\",\"@id\":\"https:\/\/pirpirituba.pb.leg.br\/#\/schema\/logo\/image\/\",\"url\":\"https:\/\/pirpirituba.pb.leg.br\/wp-content\/uploads\/2025\/01\/image1.png\",\"contentUrl\":\"https:\/\/pirpirituba.pb.leg.br\/wp-content\/uploads\/2025\/01\/image1.png\",\"width\":300,\"height\":78,\"caption\":\"C\u00e2mara Municipal de Pirpirituba - PB\"},\"image\":{\"@id\":\"https:\/\/pirpirituba.pb.leg.br\/#\/schema\/logo\/image\/\"}},{\"@type\":\"Person\",\"@id\":\"https:\/\/pirpirituba.pb.leg.br\/#\/schema\/person\/8bc90b9fc557d92690c756e61a4331cc\",\"name\":\"David Maia\",\"image\":{\"@type\":\"ImageObject\",\"inLanguage\":\"pt-BR\",\"@id\":\"https:\/\/pirpirituba.pb.leg.br\/#\/schema\/person\/image\/\",\"url\":\"https:\/\/secure.gravatar.com\/avatar\/5c858f5c6e666e3a3908d316a7bc3634?s=96&d=mm&r=g\",\"contentUrl\":\"https:\/\/secure.gravatar.com\/avatar\/5c858f5c6e666e3a3908d316a7bc3634?s=96&d=mm&r=g\",\"caption\":\"David Maia\"},\"url\":\"https:\/\/pirpirituba.pb.leg.br\/author\/david\/\"}]}<\/script>\n<!-- \/ Yoast SEO plugin. -->","yoast_head_json":{"title":"Audi\u00eancia p\u00fablica para tratar das blitz e multas em Pirpirituba acontece nesta quinta-feira - C\u00e2mara Municipal de Pirpirituba - PB","robots":{"index":"index","follow":"follow","max-snippet":"max-snippet:-1","max-image-preview":"max-image-preview:large","max-video-preview":"max-video-preview:-1"},"canonical":"https:\/\/pirpirituba.pb.leg.br\/noticias\/audiencia-publica-para-tratar-das-blitz-e-multas-em-pirpirituba-acontece-nesta-quinta-feira\/","og_locale":"pt_BR","og_type":"article","og_title":"Audi\u00eancia p\u00fablica para tratar das blitz e multas em Pirpirituba acontece nesta quinta-feira - C\u00e2mara Municipal de Pirpirituba - PB","og_description":"A C\u00e2mara Municipal de Pirpirituba realiz\u00e1, nesta quinta-feira, uma audi\u00eancia p\u00fablica para discutir sobre as blitz e as aplica\u00e7\u00f5es frequente de multas no munic\u00edpio. A iniciativa \u00e9 fruto do Requerimento n\u00ba 101\/2025, de autoria do vereador e Presidente da C\u00e2mara Givanilson Lira de Freitas (Batatinha), aprovado por unanimidade pelos parlamentares. O evento tem como objetivo [&hellip;]","og_url":"https:\/\/pirpirituba.pb.leg.br\/noticias\/audiencia-publica-para-tratar-das-blitz-e-multas-em-pirpirituba-acontece-nesta-quinta-feira\/","og_site_name":"C\u00e2mara Municipal de Pirpirituba - PB","article_published_time":"2025-05-19T15:05:09+00:00","article_modified_time":"2025-05-19T15:05:10+00:00","og_image":[{"width":1800,"height":1350,"url":"https:\/\/pirpirituba.pb.leg.br\/wp-content\/uploads\/2025\/05\/17_13_44_71_cavalete_transito.jpg","type":"image\/jpeg"}],"author":"David Maia","twitter_card":"summary_large_image","twitter_misc":{"Escrito por":"David Maia","Est. tempo de leitura":"1 minuto"},"schema":{"@context":"https:\/\/schema.org","@graph":[{"@type":"Article","@id":"https:\/\/pirpirituba.pb.leg.br\/noticias\/audiencia-publica-para-tratar-das-blitz-e-multas-em-pirpirituba-acontece-nesta-quinta-feira\/#article","isPartOf":{"@id":"https:\/\/pirpirituba.pb.leg.br\/noticias\/audiencia-publica-para-tratar-das-blitz-e-multas-em-pirpirituba-acontece-nesta-quinta-feira\/"},"author":{"name":"David Maia","@id":"https:\/\/pirpirituba.pb.leg.br\/#\/schema\/person\/8bc90b9fc557d92690c756e61a4331cc"},"headline":"Audi\u00eancia p\u00fablica para tratar das blitz e multas em Pirpirituba acontece nesta quinta-feira","datePublished":"2025-05-19T15:05:09+00:00","dateModified":"2025-05-19T15:05:10+00:00","mainEntityOfPage":{"@id":"https:\/\/pirpirituba.pb.leg.br\/noticias\/audiencia-publica-para-tratar-das-blitz-e-multas-em-pirpirituba-acontece-nesta-quinta-feira\/"},"wordCount":224,"commentCount":0,"publisher":{"@id":"https:\/\/pirpirituba.pb.leg.br\/#organization"},"image":{"@id":"https:\/\/pirpirituba.pb.leg.br\/noticias\/audiencia-publica-para-tratar-das-blitz-e-multas-em-pirpirituba-acontece-nesta-quinta-feira\/#primaryimage"},"thumbnailUrl":"https:\/\/pirpirituba.pb.leg.br\/wp-content\/uploads\/2025\/05\/17_13_44_71_cavalete_transito.jpg","articleSection":["Not\u00edcias"],"inLanguage":"pt-BR","potentialAction":[{"@type":"CommentAction","name":"Comment","target":["https:\/\/pirpirituba.pb.leg.br\/noticias\/audiencia-publica-para-tratar-das-blitz-e-multas-em-pirpirituba-acontece-nesta-quinta-feira\/#respond"]}]},{"@type":"WebPage","@id":"https:\/\/pirpirituba.pb.leg.br\/noticias\/audiencia-publica-para-tratar-das-blitz-e-multas-em-pirpirituba-acontece-nesta-quinta-feira\/","url":"https:\/\/pirpirituba.pb.leg.br\/noticias\/audiencia-publica-para-tratar-das-blitz-e-multas-em-pirpirituba-acontece-nesta-quinta-feira\/","name":"Audi\u00eancia p\u00fablica para tratar das blitz e multas em Pirpirituba acontece nesta quinta-feira - C\u00e2mara Municipal de Pirpirituba - PB","isPartOf":{"@id":"https:\/\/pirpirituba.pb.leg.br\/#website"},"primaryImageOfPage":{"@id":"https:\/\/pirpirituba.pb.leg.br\/noticias\/audiencia-publica-para-tratar-das-blitz-e-multas-em-pirpirituba-acontece-nesta-quinta-feira\/#primaryimage"},"image":{"@id":"https:\/\/pirpirituba.pb.leg.br\/noticias\/audiencia-publica-para-tratar-das-blitz-e-multas-em-pirpirituba-acontece-nesta-quinta-feira\/#primaryimage"},"thumbnailUrl":"https:\/\/pirpirituba.pb.leg.br\/wp-content\/uploads\/2025\/05\/17_13_44_71_cavalete_transito.jpg","datePublished":"2025-05-19T15:05:09+00:00","dateModified":"2025-05-19T15:05:10+00:00","breadcrumb":{"@id":"https:\/\/pirpirituba.pb.leg.br\/noticias\/audiencia-publica-para-tratar-das-blitz-e-multas-em-pirpirituba-acontece-nesta-quinta-feira\/#breadcrumb"},"inLanguage":"pt-BR","potentialAction":[{"@type":"ReadAction","target":["https:\/\/pirpirituba.pb.leg.br\/noticias\/audiencia-publica-para-tratar-das-blitz-e-multas-em-pirpirituba-acontece-nesta-quinta-feira\/"]}]},{"@type":"ImageObject","inLanguage":"pt-BR","@id":"https:\/\/pirpirituba.pb.leg.br\/noticias\/audiencia-publica-para-tratar-das-blitz-e-multas-em-pirpirituba-acontece-nesta-quinta-feira\/#primaryimage","url":"https:\/\/pirpirituba.pb.leg.br\/wp-content\/uploads\/2025\/05\/17_13_44_71_cavalete_transito.jpg","contentUrl":"https:\/\/pirpirituba.pb.leg.br\/wp-content\/uploads\/2025\/05\/17_13_44_71_cavalete_transito.jpg","width":1800,"height":1350,"caption":"High Resolution Under Costruction Concept"},{"@type":"BreadcrumbList","@id":"https:\/\/pirpirituba.pb.leg.br\/noticias\/audiencia-publica-para-tratar-das-blitz-e-multas-em-pirpirituba-acontece-nesta-quinta-feira\/#breadcrumb","itemListElement":[{"@type":"ListItem","position":1,"name":"In\u00edcio","item":"https:\/\/pirpirituba.pb.leg.br\/"},{"@type":"ListItem","position":2,"name":"Audi\u00eancia p\u00fablica para tratar das blitz e multas em Pirpirituba acontece nesta quinta-feira"}]},{"@type":"WebSite","@id":"https:\/\/pirpirituba.pb.leg.br\/#website","url":"https:\/\/pirpirituba.pb.leg.br\/","name":"C\u00e2mara Municipal de Pirpirituba - PB","description":"","publisher":{"@id":"https:\/\/pirpirituba.pb.leg.br\/#organization"},"potentialAction":[{"@type":"SearchAction","target":{"@type":"EntryPoint","urlTemplate":"https:\/\/pirpirituba.pb.leg.br\/?s={search_term_string}"},"query-input":{"@type":"PropertyValueSpecification","valueRequired":true,"valueName":"search_term_string"}}],"inLanguage":"pt-BR"},{"@type":"Organization","@id":"https:\/\/pirpirituba.pb.leg.br\/#organization","name":"C\u00e2mara Municipal de Pirpirituba - PB","url":"https:\/\/pirpirituba.pb.leg.br\/","logo":{"@type":"ImageObject","inLanguage":"pt-BR","@id":"https:\/\/pirpirituba.pb.leg.br\/#\/schema\/logo\/image\/","url":"https:\/\/pirpirituba.pb.leg.br\/wp-content\/uploads\/2025\/01\/image1.png","contentUrl":"https:\/\/pirpirituba.pb.leg.br\/wp-content\/uploads\/2025\/01\/image1.png","width":300,"height":78,"caption":"C\u00e2mara Municipal de Pirpirituba - PB"},"image":{"@id":"https:\/\/pirpirituba.pb.leg.br\/#\/schema\/logo\/image\/"}},{"@type":"Person","@id":"https:\/\/pirpirituba.pb.leg.br\/#\/schema\/person\/8bc90b9fc557d92690c756e61a4331cc","name":"David Maia","image":{"@type":"ImageObject","inLanguage":"pt-BR","@id":"https:\/\/pirpirituba.pb.leg.br\/#\/schema\/person\/image\/","url":"https:\/\/secure.gravatar.com\/avatar\/5c858f5c6e666e3a3908d316a7bc3634?s=96&d=mm&r=g","contentUrl":"https:\/\/secure.gravatar.com\/avatar\/5c858f5c6e666e3a3908d316a7bc3634?s=96&d=mm&r=g","caption":"David Maia"},"url":"https:\/\/pirpirituba.pb.leg.br\/author\/david\/"}]}},"_links":{"self":[{"href":"https:\/\/pirpirituba.pb.leg.br\/wp-json\/wp\/v2\/posts\/234","targetHints":{"allow":["GET"]}}],"collection":[{"href":"https:\/\/pirpirituba.pb.leg.br\/wp-json\/wp\/v2\/posts"}],"about":[{"href":"https:\/\/pirpirituba.pb.leg.br\/wp-json\/wp\/v2\/types\/post"}],"author":[{"embeddable":true,"href":"https:\/\/pirpirituba.pb.leg.br\/wp-json\/wp\/v2\/users\/3"}],"replies":[{"embeddable":true,"href":"https:\/\/pirpirituba.pb.leg.br\/wp-json\/wp\/v2\/comments?post=234"}],"version-history":[{"count":1,"href":"https:\/\/pirpirituba.pb.leg.br\/wp-json\/wp\/v2\/posts\/234\/revisions"}],"predecessor-version":[{"id":236,"href":"https:\/\/pirpirituba.pb.leg.br\/wp-json\/wp\/v2\/posts\/234\/revisions\/236"}],"wp:featuredmedia":[{"embeddable":true,"href":"https:\/\/pirpirituba.pb.leg.br\/wp-json\/wp\/v2\/media\/235"}],"wp:attachment":[{"href":"https:\/\/pirpirituba.pb.leg.br\/wp-json\/wp\/v2\/media?parent=234"}],"wp:term":[{"taxonomy":"category","embeddable":true,"href":"https:\/\/pirpirituba.pb.leg.br\/wp-json\/wp\/v2\/categories?post=234"},{"taxonomy":"post_tag","embeddable":true,"href":"https:\/\/pirpirituba.pb.leg.br\/wp-json\/wp\/v2\/tags?post=234"}],"curies":[{"name":"wp","href":"https:\/\/api.w.org\/{rel}","templated":true}]}}