{"id":191,"date":"2025-03-17T09:10:26","date_gmt":"2025-03-17T12:10:26","guid":{"rendered":"https:\/\/pirpirituba.pb.leg.br\/?p=191"},"modified":"2025-03-17T10:33:59","modified_gmt":"2025-03-17T13:33:59","slug":"iniciam-nessa-segunda-feira-o-cadastro-para-a-festa-das-mulheres-2025-da-camara-municipal-de-pirpirituba","status":"publish","type":"post","link":"https:\/\/pirpirituba.pb.leg.br\/noticias\/iniciam-nessa-segunda-feira-o-cadastro-para-a-festa-das-mulheres-2025-da-camara-municipal-de-pirpirituba\/","title":{"rendered":"Inicia nessa segunda-feira o cadastro para a Festa das Mulheres 2025 da C\u00e2mara Municipal de Pirpirituba"},"content":{"rendered":"<p>A C\u00e2mara Municipal de Pirpirituba tem a honra de anunciar que, a partir da pr\u00f3xima segunda-feira (dia 17 de mar\u00e7o), come\u00e7am as inscri\u00e7\u00f5es para a tradicional Festa das Mulheres 2025. Este evento, que busca celebrar e valorizar as mulheres de nossa cidade, ser\u00e1 realizado no dia 27 de mar\u00e7o e promete ser um momento de confraterniza\u00e7\u00e3o, alegria e reconhecimento da import\u00e2ncia feminina em nossa comunidade.<\/p>\n<p>Em mais um ano de organiza\u00e7\u00e3o, a C\u00e2mara Municipal de Pirpirituba trouxe algumas novidades para garantir melhor organiza\u00e7\u00e3o e controle do evento. A partir de <strong>segunda-feira<\/strong>, as inscri\u00e7\u00f5es poder\u00e3o ser feitas na <strong>pr\u00f3pria C\u00e2mara, no hor\u00e1rio das 8h \u00e0s 12h, de segunda a sexta-feira.<\/strong><\/p>\n<p>\u00c9 importante ressaltar que <strong>somente as mulheres que realizarem o cadastro poder\u00e3o participar dos sorteios e ganhar os brindes oferecidos durante a festa.<\/strong> O cadastro \u00e9 essencial para que a equipe respons\u00e1vel tenha uma estimativa de quantas mulheres participar\u00e3o do evento e para garantir um planejamento adequado, atendendo \u00e0s expectativas de todas as participantes.<\/p>\n<p>Para realizar a inscri\u00e7\u00e3o, as participantes devem apresentar um documento de identifica\u00e7\u00e3o com foto. O intuito \u00e9 assegurar que todas as mulheres da cidade tenham a oportunidade de se inscrever e participar deste evento especial.<\/p>\n<p><strong>O Presidente da C\u00e2mara Municipal de Pirpirituba, Givanilson Lira (Batatinha), refor\u00e7a a import\u00e2ncia desta celebra\u00e7\u00e3o:<\/strong><br \/>\n\u201cA Festa das Mulheres \u00e9 um momento de reconhecimento e valoriza\u00e7\u00e3o daquelas que fazem a diferen\u00e7a em nossa cidade. Este evento \u00e9 uma forma de homenagear o trabalho, a dedica\u00e7\u00e3o e a for\u00e7a das mulheres que transformam Pirpirituba a cada dia. Estamos muito felizes em mais um ano poder proporcionar essa festa, que \u00e9 feita especialmente para elas. Estamos felizes tamb\u00e9m por ter, nesse mandato, duas mulheres vereadoras na nossa casa legislativa.\u201d<\/p>\n<p>N\u00e3o perca! Fa\u00e7a sua inscri\u00e7\u00e3o e venha celebrar com a gente!<\/p>\n","protected":false},"excerpt":{"rendered":"<p>A C\u00e2mara Municipal de Pirpirituba tem a honra de anunciar que, a partir da pr\u00f3xima segunda-feira (dia 17 de mar\u00e7o), come\u00e7am as inscri\u00e7\u00f5es para a tradicional Festa das Mulheres 2025. Este evento, que busca celebrar e valorizar as mulheres de nossa cidade, ser\u00e1 realizado no dia 27 de mar\u00e7o e promete ser um momento de [&hellip;]<\/p>\n","protected":false},"author":3,"featured_media":192,"comment_status":"open","ping_status":"open","sticky":false,"template":"","format":"standard","meta":{"footnotes":""},"categories":[6],"tags":[],"class_list":["post-191","post","type-post","status-publish","format-standard","has-post-thumbnail","hentry","category-noticias"],"yoast_head":"<!-- This site is optimized with the Yoast SEO plugin v25.1 - https:\/\/yoast.com\/wordpress\/plugins\/seo\/ -->\n<title>Inicia nessa segunda-feira o cadastro para a Festa das Mulheres 2025 da C\u00e2mara Municipal de Pirpirituba - C\u00e2mara Municipal de Pirpirituba - PB<\/title>\n<meta name=\"robots\" content=\"index, follow, max-snippet:-1, max-image-preview:large, max-video-preview:-1\" \/>\n<link rel=\"canonical\" href=\"https:\/\/pirpirituba.pb.leg.br\/noticias\/iniciam-nessa-segunda-feira-o-cadastro-para-a-festa-das-mulheres-2025-da-camara-municipal-de-pirpirituba\/\" \/>\n<meta property=\"og:locale\" content=\"pt_BR\" \/>\n<meta property=\"og:type\" content=\"article\" \/>\n<meta property=\"og:title\" content=\"Inicia nessa segunda-feira o cadastro para a Festa das Mulheres 2025 da C\u00e2mara Municipal de Pirpirituba - C\u00e2mara Municipal de Pirpirituba - PB\" \/>\n<meta property=\"og:description\" content=\"A C\u00e2mara Municipal de Pirpirituba tem a honra de anunciar que, a partir da pr\u00f3xima segunda-feira (dia 17 de mar\u00e7o), come\u00e7am as inscri\u00e7\u00f5es para a tradicional Festa das Mulheres 2025. Este evento, que busca celebrar e valorizar as mulheres de nossa cidade, ser\u00e1 realizado no dia 27 de mar\u00e7o e promete ser um momento de [&hellip;]\" \/>\n<meta property=\"og:url\" content=\"https:\/\/pirpirituba.pb.leg.br\/noticias\/iniciam-nessa-segunda-feira-o-cadastro-para-a-festa-das-mulheres-2025-da-camara-municipal-de-pirpirituba\/\" \/>\n<meta property=\"og:site_name\" content=\"C\u00e2mara Municipal de Pirpirituba - PB\" \/>\n<meta property=\"article:published_time\" content=\"2025-03-17T12:10:26+00:00\" \/>\n<meta property=\"article:modified_time\" content=\"2025-03-17T13:33:59+00:00\" \/>\n<meta property=\"og:image\" content=\"https:\/\/pirpirituba.pb.leg.br\/wp-content\/uploads\/2025\/03\/WhatsApp-Image-2025-03-17-at-08.59.00.jpeg\" \/>\n\t<meta property=\"og:image:width\" content=\"1279\" \/>\n\t<meta property=\"og:image:height\" content=\"1600\" \/>\n\t<meta property=\"og:image:type\" content=\"image\/jpeg\" \/>\n<meta name=\"author\" content=\"David Maia\" \/>\n<meta name=\"twitter:card\" content=\"summary_large_image\" \/>\n<meta name=\"twitter:label1\" content=\"Escrito por\" \/>\n\t<meta name=\"twitter:data1\" content=\"David Maia\" \/>\n\t<meta name=\"twitter:label2\" content=\"Est. tempo de leitura\" \/>\n\t<meta name=\"twitter:data2\" content=\"2 minutos\" \/>\n<script type=\"application\/ld+json\" class=\"yoast-schema-graph\">{\"@context\":\"https:\/\/schema.org\",\"@graph\":[{\"@type\":\"Article\",\"@id\":\"https:\/\/pirpirituba.pb.leg.br\/noticias\/iniciam-nessa-segunda-feira-o-cadastro-para-a-festa-das-mulheres-2025-da-camara-municipal-de-pirpirituba\/#article\",\"isPartOf\":{\"@id\":\"https:\/\/pirpirituba.pb.leg.br\/noticias\/iniciam-nessa-segunda-feira-o-cadastro-para-a-festa-das-mulheres-2025-da-camara-municipal-de-pirpirituba\/\"},\"author\":{\"name\":\"David Maia\",\"@id\":\"https:\/\/pirpirituba.pb.leg.br\/#\/schema\/person\/8bc90b9fc557d92690c756e61a4331cc\"},\"headline\":\"Inicia nessa segunda-feira o cadastro para a Festa das Mulheres 2025 da C\u00e2mara Municipal de Pirpirituba\",\"datePublished\":\"2025-03-17T12:10:26+00:00\",\"dateModified\":\"2025-03-17T13:33:59+00:00\",\"mainEntityOfPage\":{\"@id\":\"https:\/\/pirpirituba.pb.leg.br\/noticias\/iniciam-nessa-segunda-feira-o-cadastro-para-a-festa-das-mulheres-2025-da-camara-municipal-de-pirpirituba\/\"},\"wordCount\":336,\"commentCount\":0,\"publisher\":{\"@id\":\"https:\/\/pirpirituba.pb.leg.br\/#organization\"},\"image\":{\"@id\":\"https:\/\/pirpirituba.pb.leg.br\/noticias\/iniciam-nessa-segunda-feira-o-cadastro-para-a-festa-das-mulheres-2025-da-camara-municipal-de-pirpirituba\/#primaryimage\"},\"thumbnailUrl\":\"https:\/\/pirpirituba.pb.leg.br\/wp-content\/uploads\/2025\/03\/WhatsApp-Image-2025-03-17-at-08.59.00.jpeg\",\"articleSection\":[\"Not\u00edcias\"],\"inLanguage\":\"pt-BR\",\"potentialAction\":[{\"@type\":\"CommentAction\",\"name\":\"Comment\",\"target\":[\"https:\/\/pirpirituba.pb.leg.br\/noticias\/iniciam-nessa-segunda-feira-o-cadastro-para-a-festa-das-mulheres-2025-da-camara-municipal-de-pirpirituba\/#respond\"]}]},{\"@type\":\"WebPage\",\"@id\":\"https:\/\/pirpirituba.pb.leg.br\/noticias\/iniciam-nessa-segunda-feira-o-cadastro-para-a-festa-das-mulheres-2025-da-camara-municipal-de-pirpirituba\/\",\"url\":\"https:\/\/pirpirituba.pb.leg.br\/noticias\/iniciam-nessa-segunda-feira-o-cadastro-para-a-festa-das-mulheres-2025-da-camara-municipal-de-pirpirituba\/\",\"name\":\"Inicia nessa segunda-feira o cadastro para a Festa das Mulheres 2025 da C\u00e2mara Municipal de Pirpirituba - C\u00e2mara Municipal de Pirpirituba - PB\",\"isPartOf\":{\"@id\":\"https:\/\/pirpirituba.pb.leg.br\/#website\"},\"primaryImageOfPage\":{\"@id\":\"https:\/\/pirpirituba.pb.leg.br\/noticias\/iniciam-nessa-segunda-feira-o-cadastro-para-a-festa-das-mulheres-2025-da-camara-municipal-de-pirpirituba\/#primaryimage\"},\"image\":{\"@id\":\"https:\/\/pirpirituba.pb.leg.br\/noticias\/iniciam-nessa-segunda-feira-o-cadastro-para-a-festa-das-mulheres-2025-da-camara-municipal-de-pirpirituba\/#primaryimage\"},\"thumbnailUrl\":\"https:\/\/pirpirituba.pb.leg.br\/wp-content\/uploads\/2025\/03\/WhatsApp-Image-2025-03-17-at-08.59.00.jpeg\",\"datePublished\":\"2025-03-17T12:10:26+00:00\",\"dateModified\":\"2025-03-17T13:33:59+00:00\",\"breadcrumb\":{\"@id\":\"https:\/\/pirpirituba.pb.leg.br\/noticias\/iniciam-nessa-segunda-feira-o-cadastro-para-a-festa-das-mulheres-2025-da-camara-municipal-de-pirpirituba\/#breadcrumb\"},\"inLanguage\":\"pt-BR\",\"potentialAction\":[{\"@type\":\"ReadAction\",\"target\":[\"https:\/\/pirpirituba.pb.leg.br\/noticias\/iniciam-nessa-segunda-feira-o-cadastro-para-a-festa-das-mulheres-2025-da-camara-municipal-de-pirpirituba\/\"]}]},{\"@type\":\"ImageObject\",\"inLanguage\":\"pt-BR\",\"@id\":\"https:\/\/pirpirituba.pb.leg.br\/noticias\/iniciam-nessa-segunda-feira-o-cadastro-para-a-festa-das-mulheres-2025-da-camara-municipal-de-pirpirituba\/#primaryimage\",\"url\":\"https:\/\/pirpirituba.pb.leg.br\/wp-content\/uploads\/2025\/03\/WhatsApp-Image-2025-03-17-at-08.59.00.jpeg\",\"contentUrl\":\"https:\/\/pirpirituba.pb.leg.br\/wp-content\/uploads\/2025\/03\/WhatsApp-Image-2025-03-17-at-08.59.00.jpeg\",\"width\":1279,\"height\":1600},{\"@type\":\"BreadcrumbList\",\"@id\":\"https:\/\/pirpirituba.pb.leg.br\/noticias\/iniciam-nessa-segunda-feira-o-cadastro-para-a-festa-das-mulheres-2025-da-camara-municipal-de-pirpirituba\/#breadcrumb\",\"itemListElement\":[{\"@type\":\"ListItem\",\"position\":1,\"name\":\"In\u00edcio\",\"item\":\"https:\/\/pirpirituba.pb.leg.br\/\"},{\"@type\":\"ListItem\",\"position\":2,\"name\":\"Inicia nessa segunda-feira o cadastro para a Festa das Mulheres 2025 da C\u00e2mara Municipal de Pirpirituba\"}]},{\"@type\":\"WebSite\",\"@id\":\"https:\/\/pirpirituba.pb.leg.br\/#website\",\"url\":\"https:\/\/pirpirituba.pb.leg.br\/\",\"name\":\"C\u00e2mara Municipal de Pirpirituba - PB\",\"description\":\"\",\"publisher\":{\"@id\":\"https:\/\/pirpirituba.pb.leg.br\/#organization\"},\"potentialAction\":[{\"@type\":\"SearchAction\",\"target\":{\"@type\":\"EntryPoint\",\"urlTemplate\":\"https:\/\/pirpirituba.pb.leg.br\/?s={search_term_string}\"},\"query-input\":{\"@type\":\"PropertyValueSpecification\",\"valueRequired\":true,\"valueName\":\"search_term_string\"}}],\"inLanguage\":\"pt-BR\"},{\"@type\":\"Organization\",\"@id\":\"https:\/\/pirpirituba.pb.leg.br\/#organization\",\"name\":\"C\u00e2mara Municipal de Pirpirituba - PB\",\"url\":\"https:\/\/pirpirituba.pb.leg.br\/\",\"logo\":{\"@type\":\"ImageObject\",\"inLanguage\":\"pt-BR\",\"@id\":\"https:\/\/pirpirituba.pb.leg.br\/#\/schema\/logo\/image\/\",\"url\":\"https:\/\/pirpirituba.pb.leg.br\/wp-content\/uploads\/2025\/01\/image1.png\",\"contentUrl\":\"https:\/\/pirpirituba.pb.leg.br\/wp-content\/uploads\/2025\/01\/image1.png\",\"width\":300,\"height\":78,\"caption\":\"C\u00e2mara Municipal de Pirpirituba - PB\"},\"image\":{\"@id\":\"https:\/\/pirpirituba.pb.leg.br\/#\/schema\/logo\/image\/\"}},{\"@type\":\"Person\",\"@id\":\"https:\/\/pirpirituba.pb.leg.br\/#\/schema\/person\/8bc90b9fc557d92690c756e61a4331cc\",\"name\":\"David Maia\",\"image\":{\"@type\":\"ImageObject\",\"inLanguage\":\"pt-BR\",\"@id\":\"https:\/\/pirpirituba.pb.leg.br\/#\/schema\/person\/image\/\",\"url\":\"https:\/\/secure.gravatar.com\/avatar\/5c858f5c6e666e3a3908d316a7bc3634?s=96&d=mm&r=g\",\"contentUrl\":\"https:\/\/secure.gravatar.com\/avatar\/5c858f5c6e666e3a3908d316a7bc3634?s=96&d=mm&r=g\",\"caption\":\"David Maia\"},\"url\":\"https:\/\/pirpirituba.pb.leg.br\/author\/david\/\"}]}<\/script>\n<!-- \/ Yoast SEO plugin. -->","yoast_head_json":{"title":"Inicia nessa segunda-feira o cadastro para a Festa das Mulheres 2025 da C\u00e2mara Municipal de Pirpirituba - C\u00e2mara Municipal de Pirpirituba - PB","robots":{"index":"index","follow":"follow","max-snippet":"max-snippet:-1","max-image-preview":"max-image-preview:large","max-video-preview":"max-video-preview:-1"},"canonical":"https:\/\/pirpirituba.pb.leg.br\/noticias\/iniciam-nessa-segunda-feira-o-cadastro-para-a-festa-das-mulheres-2025-da-camara-municipal-de-pirpirituba\/","og_locale":"pt_BR","og_type":"article","og_title":"Inicia nessa segunda-feira o cadastro para a Festa das Mulheres 2025 da C\u00e2mara Municipal de Pirpirituba - C\u00e2mara Municipal de Pirpirituba - PB","og_description":"A C\u00e2mara Municipal de Pirpirituba tem a honra de anunciar que, a partir da pr\u00f3xima segunda-feira (dia 17 de mar\u00e7o), come\u00e7am as inscri\u00e7\u00f5es para a tradicional Festa das Mulheres 2025. Este evento, que busca celebrar e valorizar as mulheres de nossa cidade, ser\u00e1 realizado no dia 27 de mar\u00e7o e promete ser um momento de [&hellip;]","og_url":"https:\/\/pirpirituba.pb.leg.br\/noticias\/iniciam-nessa-segunda-feira-o-cadastro-para-a-festa-das-mulheres-2025-da-camara-municipal-de-pirpirituba\/","og_site_name":"C\u00e2mara Municipal de Pirpirituba - PB","article_published_time":"2025-03-17T12:10:26+00:00","article_modified_time":"2025-03-17T13:33:59+00:00","og_image":[{"width":1279,"height":1600,"url":"https:\/\/pirpirituba.pb.leg.br\/wp-content\/uploads\/2025\/03\/WhatsApp-Image-2025-03-17-at-08.59.00.jpeg","type":"image\/jpeg"}],"author":"David Maia","twitter_card":"summary_large_image","twitter_misc":{"Escrito por":"David Maia","Est. tempo de leitura":"2 minutos"},"schema":{"@context":"https:\/\/schema.org","@graph":[{"@type":"Article","@id":"https:\/\/pirpirituba.pb.leg.br\/noticias\/iniciam-nessa-segunda-feira-o-cadastro-para-a-festa-das-mulheres-2025-da-camara-municipal-de-pirpirituba\/#article","isPartOf":{"@id":"https:\/\/pirpirituba.pb.leg.br\/noticias\/iniciam-nessa-segunda-feira-o-cadastro-para-a-festa-das-mulheres-2025-da-camara-municipal-de-pirpirituba\/"},"author":{"name":"David Maia","@id":"https:\/\/pirpirituba.pb.leg.br\/#\/schema\/person\/8bc90b9fc557d92690c756e61a4331cc"},"headline":"Inicia nessa segunda-feira o cadastro para a Festa das Mulheres 2025 da C\u00e2mara Municipal de Pirpirituba","datePublished":"2025-03-17T12:10:26+00:00","dateModified":"2025-03-17T13:33:59+00:00","mainEntityOfPage":{"@id":"https:\/\/pirpirituba.pb.leg.br\/noticias\/iniciam-nessa-segunda-feira-o-cadastro-para-a-festa-das-mulheres-2025-da-camara-municipal-de-pirpirituba\/"},"wordCount":336,"commentCount":0,"publisher":{"@id":"https:\/\/pirpirituba.pb.leg.br\/#organization"},"image":{"@id":"https:\/\/pirpirituba.pb.leg.br\/noticias\/iniciam-nessa-segunda-feira-o-cadastro-para-a-festa-das-mulheres-2025-da-camara-municipal-de-pirpirituba\/#primaryimage"},"thumbnailUrl":"https:\/\/pirpirituba.pb.leg.br\/wp-content\/uploads\/2025\/03\/WhatsApp-Image-2025-03-17-at-08.59.00.jpeg","articleSection":["Not\u00edcias"],"inLanguage":"pt-BR","potentialAction":[{"@type":"CommentAction","name":"Comment","target":["https:\/\/pirpirituba.pb.leg.br\/noticias\/iniciam-nessa-segunda-feira-o-cadastro-para-a-festa-das-mulheres-2025-da-camara-municipal-de-pirpirituba\/#respond"]}]},{"@type":"WebPage","@id":"https:\/\/pirpirituba.pb.leg.br\/noticias\/iniciam-nessa-segunda-feira-o-cadastro-para-a-festa-das-mulheres-2025-da-camara-municipal-de-pirpirituba\/","url":"https:\/\/pirpirituba.pb.leg.br\/noticias\/iniciam-nessa-segunda-feira-o-cadastro-para-a-festa-das-mulheres-2025-da-camara-municipal-de-pirpirituba\/","name":"Inicia nessa segunda-feira o cadastro para a Festa das Mulheres 2025 da C\u00e2mara Municipal de Pirpirituba - C\u00e2mara Municipal de Pirpirituba - PB","isPartOf":{"@id":"https:\/\/pirpirituba.pb.leg.br\/#website"},"primaryImageOfPage":{"@id":"https:\/\/pirpirituba.pb.leg.br\/noticias\/iniciam-nessa-segunda-feira-o-cadastro-para-a-festa-das-mulheres-2025-da-camara-municipal-de-pirpirituba\/#primaryimage"},"image":{"@id":"https:\/\/pirpirituba.pb.leg.br\/noticias\/iniciam-nessa-segunda-feira-o-cadastro-para-a-festa-das-mulheres-2025-da-camara-municipal-de-pirpirituba\/#primaryimage"},"thumbnailUrl":"https:\/\/pirpirituba.pb.leg.br\/wp-content\/uploads\/2025\/03\/WhatsApp-Image-2025-03-17-at-08.59.00.jpeg","datePublished":"2025-03-17T12:10:26+00:00","dateModified":"2025-03-17T13:33:59+00:00","breadcrumb":{"@id":"https:\/\/pirpirituba.pb.leg.br\/noticias\/iniciam-nessa-segunda-feira-o-cadastro-para-a-festa-das-mulheres-2025-da-camara-municipal-de-pirpirituba\/#breadcrumb"},"inLanguage":"pt-BR","potentialAction":[{"@type":"ReadAction","target":["https:\/\/pirpirituba.pb.leg.br\/noticias\/iniciam-nessa-segunda-feira-o-cadastro-para-a-festa-das-mulheres-2025-da-camara-municipal-de-pirpirituba\/"]}]},{"@type":"ImageObject","inLanguage":"pt-BR","@id":"https:\/\/pirpirituba.pb.leg.br\/noticias\/iniciam-nessa-segunda-feira-o-cadastro-para-a-festa-das-mulheres-2025-da-camara-municipal-de-pirpirituba\/#primaryimage","url":"https:\/\/pirpirituba.pb.leg.br\/wp-content\/uploads\/2025\/03\/WhatsApp-Image-2025-03-17-at-08.59.00.jpeg","contentUrl":"https:\/\/pirpirituba.pb.leg.br\/wp-content\/uploads\/2025\/03\/WhatsApp-Image-2025-03-17-at-08.59.00.jpeg","width":1279,"height":1600},{"@type":"BreadcrumbList","@id":"https:\/\/pirpirituba.pb.leg.br\/noticias\/iniciam-nessa-segunda-feira-o-cadastro-para-a-festa-das-mulheres-2025-da-camara-municipal-de-pirpirituba\/#breadcrumb","itemListElement":[{"@type":"ListItem","position":1,"name":"In\u00edcio","item":"https:\/\/pirpirituba.pb.leg.br\/"},{"@type":"ListItem","position":2,"name":"Inicia nessa segunda-feira o cadastro para a Festa das Mulheres 2025 da C\u00e2mara Municipal de Pirpirituba"}]},{"@type":"WebSite","@id":"https:\/\/pirpirituba.pb.leg.br\/#website","url":"https:\/\/pirpirituba.pb.leg.br\/","name":"C\u00e2mara Municipal de Pirpirituba - PB","description":"","publisher":{"@id":"https:\/\/pirpirituba.pb.leg.br\/#organization"},"potentialAction":[{"@type":"SearchAction","target":{"@type":"EntryPoint","urlTemplate":"https:\/\/pirpirituba.pb.leg.br\/?s={search_term_string}"},"query-input":{"@type":"PropertyValueSpecification","valueRequired":true,"valueName":"search_term_string"}}],"inLanguage":"pt-BR"},{"@type":"Organization","@id":"https:\/\/pirpirituba.pb.leg.br\/#organization","name":"C\u00e2mara Municipal de Pirpirituba - PB","url":"https:\/\/pirpirituba.pb.leg.br\/","logo":{"@type":"ImageObject","inLanguage":"pt-BR","@id":"https:\/\/pirpirituba.pb.leg.br\/#\/schema\/logo\/image\/","url":"https:\/\/pirpirituba.pb.leg.br\/wp-content\/uploads\/2025\/01\/image1.png","contentUrl":"https:\/\/pirpirituba.pb.leg.br\/wp-content\/uploads\/2025\/01\/image1.png","width":300,"height":78,"caption":"C\u00e2mara Municipal de Pirpirituba - PB"},"image":{"@id":"https:\/\/pirpirituba.pb.leg.br\/#\/schema\/logo\/image\/"}},{"@type":"Person","@id":"https:\/\/pirpirituba.pb.leg.br\/#\/schema\/person\/8bc90b9fc557d92690c756e61a4331cc","name":"David Maia","image":{"@type":"ImageObject","inLanguage":"pt-BR","@id":"https:\/\/pirpirituba.pb.leg.br\/#\/schema\/person\/image\/","url":"https:\/\/secure.gravatar.com\/avatar\/5c858f5c6e666e3a3908d316a7bc3634?s=96&d=mm&r=g","contentUrl":"https:\/\/secure.gravatar.com\/avatar\/5c858f5c6e666e3a3908d316a7bc3634?s=96&d=mm&r=g","caption":"David Maia"},"url":"https:\/\/pirpirituba.pb.leg.br\/author\/david\/"}]}},"_links":{"self":[{"href":"https:\/\/pirpirituba.pb.leg.br\/wp-json\/wp\/v2\/posts\/191","targetHints":{"allow":["GET"]}}],"collection":[{"href":"https:\/\/pirpirituba.pb.leg.br\/wp-json\/wp\/v2\/posts"}],"about":[{"href":"https:\/\/pirpirituba.pb.leg.br\/wp-json\/wp\/v2\/types\/post"}],"author":[{"embeddable":true,"href":"https:\/\/pirpirituba.pb.leg.br\/wp-json\/wp\/v2\/users\/3"}],"replies":[{"embeddable":true,"href":"https:\/\/pirpirituba.pb.leg.br\/wp-json\/wp\/v2\/comments?post=191"}],"version-history":[{"count":3,"href":"https:\/\/pirpirituba.pb.leg.br\/wp-json\/wp\/v2\/posts\/191\/revisions"}],"predecessor-version":[{"id":195,"href":"https:\/\/pirpirituba.pb.leg.br\/wp-json\/wp\/v2\/posts\/191\/revisions\/195"}],"wp:featuredmedia":[{"embeddable":true,"href":"https:\/\/pirpirituba.pb.leg.br\/wp-json\/wp\/v2\/media\/192"}],"wp:attachment":[{"href":"https:\/\/pirpirituba.pb.leg.br\/wp-json\/wp\/v2\/media?parent=191"}],"wp:term":[{"taxonomy":"category","embeddable":true,"href":"https:\/\/pirpirituba.pb.leg.br\/wp-json\/wp\/v2\/categories?post=191"},{"taxonomy":"post_tag","embeddable":true,"href":"https:\/\/pirpirituba.pb.leg.br\/wp-json\/wp\/v2\/tags?post=191"}],"curies":[{"name":"wp","href":"https:\/\/api.w.org\/{rel}","templated":true}]}}