{"id":183,"date":"2025-02-16T19:35:20","date_gmt":"2025-02-16T22:35:20","guid":{"rendered":"https:\/\/pirpirituba.pb.leg.br\/?p=183"},"modified":"2025-02-19T19:49:40","modified_gmt":"2025-02-19T22:49:40","slug":"vereadoras-demonstram-uniao-e-apresentam-requerimento-conjunto-para-sessao-solene-em-homenagem-ao-dia-internacional-das-mulheres","status":"publish","type":"post","link":"https:\/\/pirpirituba.pb.leg.br\/noticias\/vereadoras-demonstram-uniao-e-apresentam-requerimento-conjunto-para-sessao-solene-em-homenagem-ao-dia-internacional-das-mulheres\/","title":{"rendered":"Vereadoras demonstram uni\u00e3o e apresentam requerimento conjunto para Sess\u00e3o Solene em homenagem ao Dia Internacional das Mulheres"},"content":{"rendered":"<p>Na \u00faltima sess\u00e3o da C\u00e2mara Municipal de Pirpirituba, as vereadoras R\u00fabia Silvestre e Simone de Pedro de Carma demonstraram uni\u00e3o e compromisso com a valoriza\u00e7\u00e3o das mulheres ao apresentarem, em conjunto, um requerimento para a realiza\u00e7\u00e3o da Sess\u00e3o Solene em homenagem ao Dia Internacional das Mulheres. O pedido foi aprovado por unanimidade e contar\u00e1 com o apoio da presid\u00eancia da Casa.<\/p>\n<p data-pm-slice=\"1 1 []\">A iniciativa das parlamentares refor\u00e7a a import\u00e2ncia do reconhecimento do papel feminino na sociedade e destaca o compromisso da C\u00e2mara Municipal com a promo\u00e7\u00e3o da igualdade de g\u00eanero e o fortalecimento das mulheres no cen\u00e1rio pol\u00edtico e social do munic\u00edpio. A Sess\u00e3o Solene j\u00e1 se tornou uma tradi\u00e7\u00e3o e tem como objetivo enaltecer as conquistas e desafios enfrentados pelas mulheres pirpiritubenses.<\/p>\n<p data-pm-slice=\"1 1 []\">O presidente da C\u00e2mara, vereador Givanilson Lira (Batatinha), ressaltou a relev\u00e2ncia da proposta e garantiu que o evento ser\u00e1 realizado conforme solicitado. &#8220;A homenagem \u00e0s mulheres de nosso munic\u00edpio \u00e9 uma demonstra\u00e7\u00e3o de respeito e reconhecimento \u00e0 sua contribui\u00e7\u00e3o para o desenvolvimento de Pirpirituba. A C\u00e2mara Municipal tem o compromisso de apoiar a\u00e7\u00f5es que fortale\u00e7am a igualdade e os direitos das mulheres, e essa Sess\u00e3o Solene \u00e9 um momento essencial para valorizar essa luta&#8221;, afirmou o presidente.<\/p>\n<p data-pm-slice=\"1 1 []\">A realiza\u00e7\u00e3o desta solenidade reafirma o papel da C\u00e2mara como um espa\u00e7o democr\u00e1tico e comprometido com o bem-estar da popula\u00e7\u00e3o, dando voz e visibilidade \u00e0s demandas e conquistas das mulheres do munic\u00edpio. A programa\u00e7\u00e3o da Sess\u00e3o Solene ser\u00e1 divulgada em breve, e toda a popula\u00e7\u00e3o est\u00e1 convidada a participar desse momento de reconhecimento e celebra\u00e7\u00e3o.<\/p>\n","protected":false},"excerpt":{"rendered":"<p>Na \u00faltima sess\u00e3o da C\u00e2mara Municipal de Pirpirituba, as vereadoras R\u00fabia Silvestre e Simone de Pedro de Carma demonstraram uni\u00e3o e compromisso com a valoriza\u00e7\u00e3o das mulheres ao apresentarem, em conjunto, um requerimento para a realiza\u00e7\u00e3o da Sess\u00e3o Solene em homenagem ao Dia Internacional das Mulheres. O pedido foi aprovado por unanimidade e contar\u00e1 com [&hellip;]<\/p>\n","protected":false},"author":3,"featured_media":185,"comment_status":"open","ping_status":"open","sticky":false,"template":"","format":"standard","meta":{"footnotes":""},"categories":[6],"tags":[],"class_list":["post-183","post","type-post","status-publish","format-standard","has-post-thumbnail","hentry","category-noticias"],"yoast_head":"<!-- This site is optimized with the Yoast SEO plugin v25.1 - https:\/\/yoast.com\/wordpress\/plugins\/seo\/ -->\n<title>Vereadoras demonstram uni\u00e3o e apresentam requerimento conjunto para Sess\u00e3o Solene em homenagem ao Dia Internacional das Mulheres - C\u00e2mara Municipal de Pirpirituba - PB<\/title>\n<meta name=\"robots\" content=\"index, follow, max-snippet:-1, max-image-preview:large, max-video-preview:-1\" \/>\n<link rel=\"canonical\" href=\"https:\/\/pirpirituba.pb.leg.br\/noticias\/vereadoras-demonstram-uniao-e-apresentam-requerimento-conjunto-para-sessao-solene-em-homenagem-ao-dia-internacional-das-mulheres\/\" \/>\n<meta property=\"og:locale\" content=\"pt_BR\" \/>\n<meta property=\"og:type\" content=\"article\" \/>\n<meta property=\"og:title\" content=\"Vereadoras demonstram uni\u00e3o e apresentam requerimento conjunto para Sess\u00e3o Solene em homenagem ao Dia Internacional das Mulheres - C\u00e2mara Municipal de Pirpirituba - PB\" \/>\n<meta property=\"og:description\" content=\"Na \u00faltima sess\u00e3o da C\u00e2mara Municipal de Pirpirituba, as vereadoras R\u00fabia Silvestre e Simone de Pedro de Carma demonstraram uni\u00e3o e compromisso com a valoriza\u00e7\u00e3o das mulheres ao apresentarem, em conjunto, um requerimento para a realiza\u00e7\u00e3o da Sess\u00e3o Solene em homenagem ao Dia Internacional das Mulheres. O pedido foi aprovado por unanimidade e contar\u00e1 com [&hellip;]\" \/>\n<meta property=\"og:url\" content=\"https:\/\/pirpirituba.pb.leg.br\/noticias\/vereadoras-demonstram-uniao-e-apresentam-requerimento-conjunto-para-sessao-solene-em-homenagem-ao-dia-internacional-das-mulheres\/\" \/>\n<meta property=\"og:site_name\" content=\"C\u00e2mara Municipal de Pirpirituba - PB\" \/>\n<meta property=\"article:published_time\" content=\"2025-02-16T22:35:20+00:00\" \/>\n<meta property=\"article:modified_time\" content=\"2025-02-19T22:49:40+00:00\" \/>\n<meta property=\"og:image\" content=\"https:\/\/pirpirituba.pb.leg.br\/wp-content\/uploads\/2025\/02\/Imagem-do-WhatsApp-de-2025-02-19-as-22.34.05_d508e00d.jpg\" \/>\n\t<meta property=\"og:image:width\" content=\"1280\" \/>\n\t<meta property=\"og:image:height\" content=\"720\" \/>\n\t<meta property=\"og:image:type\" content=\"image\/jpeg\" \/>\n<meta name=\"author\" content=\"David Maia\" \/>\n<meta name=\"twitter:card\" content=\"summary_large_image\" \/>\n<meta name=\"twitter:label1\" content=\"Escrito por\" \/>\n\t<meta name=\"twitter:data1\" content=\"David Maia\" \/>\n\t<meta name=\"twitter:label2\" content=\"Est. tempo de leitura\" \/>\n\t<meta name=\"twitter:data2\" content=\"1 minuto\" \/>\n<script type=\"application\/ld+json\" class=\"yoast-schema-graph\">{\"@context\":\"https:\/\/schema.org\",\"@graph\":[{\"@type\":\"Article\",\"@id\":\"https:\/\/pirpirituba.pb.leg.br\/noticias\/vereadoras-demonstram-uniao-e-apresentam-requerimento-conjunto-para-sessao-solene-em-homenagem-ao-dia-internacional-das-mulheres\/#article\",\"isPartOf\":{\"@id\":\"https:\/\/pirpirituba.pb.leg.br\/noticias\/vereadoras-demonstram-uniao-e-apresentam-requerimento-conjunto-para-sessao-solene-em-homenagem-ao-dia-internacional-das-mulheres\/\"},\"author\":{\"name\":\"David Maia\",\"@id\":\"https:\/\/pirpirituba.pb.leg.br\/#\/schema\/person\/8bc90b9fc557d92690c756e61a4331cc\"},\"headline\":\"Vereadoras demonstram uni\u00e3o e apresentam requerimento conjunto para Sess\u00e3o Solene em homenagem ao Dia Internacional das Mulheres\",\"datePublished\":\"2025-02-16T22:35:20+00:00\",\"dateModified\":\"2025-02-19T22:49:40+00:00\",\"mainEntityOfPage\":{\"@id\":\"https:\/\/pirpirituba.pb.leg.br\/noticias\/vereadoras-demonstram-uniao-e-apresentam-requerimento-conjunto-para-sessao-solene-em-homenagem-ao-dia-internacional-das-mulheres\/\"},\"wordCount\":307,\"commentCount\":0,\"publisher\":{\"@id\":\"https:\/\/pirpirituba.pb.leg.br\/#organization\"},\"image\":{\"@id\":\"https:\/\/pirpirituba.pb.leg.br\/noticias\/vereadoras-demonstram-uniao-e-apresentam-requerimento-conjunto-para-sessao-solene-em-homenagem-ao-dia-internacional-das-mulheres\/#primaryimage\"},\"thumbnailUrl\":\"https:\/\/pirpirituba.pb.leg.br\/wp-content\/uploads\/2025\/02\/Imagem-do-WhatsApp-de-2025-02-19-as-22.34.05_d508e00d.jpg\",\"articleSection\":[\"Not\u00edcias\"],\"inLanguage\":\"pt-BR\",\"potentialAction\":[{\"@type\":\"CommentAction\",\"name\":\"Comment\",\"target\":[\"https:\/\/pirpirituba.pb.leg.br\/noticias\/vereadoras-demonstram-uniao-e-apresentam-requerimento-conjunto-para-sessao-solene-em-homenagem-ao-dia-internacional-das-mulheres\/#respond\"]}]},{\"@type\":\"WebPage\",\"@id\":\"https:\/\/pirpirituba.pb.leg.br\/noticias\/vereadoras-demonstram-uniao-e-apresentam-requerimento-conjunto-para-sessao-solene-em-homenagem-ao-dia-internacional-das-mulheres\/\",\"url\":\"https:\/\/pirpirituba.pb.leg.br\/noticias\/vereadoras-demonstram-uniao-e-apresentam-requerimento-conjunto-para-sessao-solene-em-homenagem-ao-dia-internacional-das-mulheres\/\",\"name\":\"Vereadoras demonstram uni\u00e3o e apresentam requerimento conjunto para Sess\u00e3o Solene em homenagem ao Dia Internacional das Mulheres - C\u00e2mara Municipal de Pirpirituba - PB\",\"isPartOf\":{\"@id\":\"https:\/\/pirpirituba.pb.leg.br\/#website\"},\"primaryImageOfPage\":{\"@id\":\"https:\/\/pirpirituba.pb.leg.br\/noticias\/vereadoras-demonstram-uniao-e-apresentam-requerimento-conjunto-para-sessao-solene-em-homenagem-ao-dia-internacional-das-mulheres\/#primaryimage\"},\"image\":{\"@id\":\"https:\/\/pirpirituba.pb.leg.br\/noticias\/vereadoras-demonstram-uniao-e-apresentam-requerimento-conjunto-para-sessao-solene-em-homenagem-ao-dia-internacional-das-mulheres\/#primaryimage\"},\"thumbnailUrl\":\"https:\/\/pirpirituba.pb.leg.br\/wp-content\/uploads\/2025\/02\/Imagem-do-WhatsApp-de-2025-02-19-as-22.34.05_d508e00d.jpg\",\"datePublished\":\"2025-02-16T22:35:20+00:00\",\"dateModified\":\"2025-02-19T22:49:40+00:00\",\"breadcrumb\":{\"@id\":\"https:\/\/pirpirituba.pb.leg.br\/noticias\/vereadoras-demonstram-uniao-e-apresentam-requerimento-conjunto-para-sessao-solene-em-homenagem-ao-dia-internacional-das-mulheres\/#breadcrumb\"},\"inLanguage\":\"pt-BR\",\"potentialAction\":[{\"@type\":\"ReadAction\",\"target\":[\"https:\/\/pirpirituba.pb.leg.br\/noticias\/vereadoras-demonstram-uniao-e-apresentam-requerimento-conjunto-para-sessao-solene-em-homenagem-ao-dia-internacional-das-mulheres\/\"]}]},{\"@type\":\"ImageObject\",\"inLanguage\":\"pt-BR\",\"@id\":\"https:\/\/pirpirituba.pb.leg.br\/noticias\/vereadoras-demonstram-uniao-e-apresentam-requerimento-conjunto-para-sessao-solene-em-homenagem-ao-dia-internacional-das-mulheres\/#primaryimage\",\"url\":\"https:\/\/pirpirituba.pb.leg.br\/wp-content\/uploads\/2025\/02\/Imagem-do-WhatsApp-de-2025-02-19-as-22.34.05_d508e00d.jpg\",\"contentUrl\":\"https:\/\/pirpirituba.pb.leg.br\/wp-content\/uploads\/2025\/02\/Imagem-do-WhatsApp-de-2025-02-19-as-22.34.05_d508e00d.jpg\",\"width\":1280,\"height\":720},{\"@type\":\"BreadcrumbList\",\"@id\":\"https:\/\/pirpirituba.pb.leg.br\/noticias\/vereadoras-demonstram-uniao-e-apresentam-requerimento-conjunto-para-sessao-solene-em-homenagem-ao-dia-internacional-das-mulheres\/#breadcrumb\",\"itemListElement\":[{\"@type\":\"ListItem\",\"position\":1,\"name\":\"In\u00edcio\",\"item\":\"https:\/\/pirpirituba.pb.leg.br\/\"},{\"@type\":\"ListItem\",\"position\":2,\"name\":\"Vereadoras demonstram uni\u00e3o e apresentam requerimento conjunto para Sess\u00e3o Solene em homenagem ao Dia Internacional das Mulheres\"}]},{\"@type\":\"WebSite\",\"@id\":\"https:\/\/pirpirituba.pb.leg.br\/#website\",\"url\":\"https:\/\/pirpirituba.pb.leg.br\/\",\"name\":\"C\u00e2mara Municipal de Pirpirituba - PB\",\"description\":\"\",\"publisher\":{\"@id\":\"https:\/\/pirpirituba.pb.leg.br\/#organization\"},\"potentialAction\":[{\"@type\":\"SearchAction\",\"target\":{\"@type\":\"EntryPoint\",\"urlTemplate\":\"https:\/\/pirpirituba.pb.leg.br\/?s={search_term_string}\"},\"query-input\":{\"@type\":\"PropertyValueSpecification\",\"valueRequired\":true,\"valueName\":\"search_term_string\"}}],\"inLanguage\":\"pt-BR\"},{\"@type\":\"Organization\",\"@id\":\"https:\/\/pirpirituba.pb.leg.br\/#organization\",\"name\":\"C\u00e2mara Municipal de Pirpirituba - PB\",\"url\":\"https:\/\/pirpirituba.pb.leg.br\/\",\"logo\":{\"@type\":\"ImageObject\",\"inLanguage\":\"pt-BR\",\"@id\":\"https:\/\/pirpirituba.pb.leg.br\/#\/schema\/logo\/image\/\",\"url\":\"https:\/\/pirpirituba.pb.leg.br\/wp-content\/uploads\/2025\/01\/image1.png\",\"contentUrl\":\"https:\/\/pirpirituba.pb.leg.br\/wp-content\/uploads\/2025\/01\/image1.png\",\"width\":300,\"height\":78,\"caption\":\"C\u00e2mara Municipal de Pirpirituba - PB\"},\"image\":{\"@id\":\"https:\/\/pirpirituba.pb.leg.br\/#\/schema\/logo\/image\/\"}},{\"@type\":\"Person\",\"@id\":\"https:\/\/pirpirituba.pb.leg.br\/#\/schema\/person\/8bc90b9fc557d92690c756e61a4331cc\",\"name\":\"David Maia\",\"image\":{\"@type\":\"ImageObject\",\"inLanguage\":\"pt-BR\",\"@id\":\"https:\/\/pirpirituba.pb.leg.br\/#\/schema\/person\/image\/\",\"url\":\"https:\/\/secure.gravatar.com\/avatar\/5c858f5c6e666e3a3908d316a7bc3634?s=96&d=mm&r=g\",\"contentUrl\":\"https:\/\/secure.gravatar.com\/avatar\/5c858f5c6e666e3a3908d316a7bc3634?s=96&d=mm&r=g\",\"caption\":\"David Maia\"},\"url\":\"https:\/\/pirpirituba.pb.leg.br\/author\/david\/\"}]}<\/script>\n<!-- \/ Yoast SEO plugin. -->","yoast_head_json":{"title":"Vereadoras demonstram uni\u00e3o e apresentam requerimento conjunto para Sess\u00e3o Solene em homenagem ao Dia Internacional das Mulheres - C\u00e2mara Municipal de Pirpirituba - PB","robots":{"index":"index","follow":"follow","max-snippet":"max-snippet:-1","max-image-preview":"max-image-preview:large","max-video-preview":"max-video-preview:-1"},"canonical":"https:\/\/pirpirituba.pb.leg.br\/noticias\/vereadoras-demonstram-uniao-e-apresentam-requerimento-conjunto-para-sessao-solene-em-homenagem-ao-dia-internacional-das-mulheres\/","og_locale":"pt_BR","og_type":"article","og_title":"Vereadoras demonstram uni\u00e3o e apresentam requerimento conjunto para Sess\u00e3o Solene em homenagem ao Dia Internacional das Mulheres - C\u00e2mara Municipal de Pirpirituba - PB","og_description":"Na \u00faltima sess\u00e3o da C\u00e2mara Municipal de Pirpirituba, as vereadoras R\u00fabia Silvestre e Simone de Pedro de Carma demonstraram uni\u00e3o e compromisso com a valoriza\u00e7\u00e3o das mulheres ao apresentarem, em conjunto, um requerimento para a realiza\u00e7\u00e3o da Sess\u00e3o Solene em homenagem ao Dia Internacional das Mulheres. O pedido foi aprovado por unanimidade e contar\u00e1 com [&hellip;]","og_url":"https:\/\/pirpirituba.pb.leg.br\/noticias\/vereadoras-demonstram-uniao-e-apresentam-requerimento-conjunto-para-sessao-solene-em-homenagem-ao-dia-internacional-das-mulheres\/","og_site_name":"C\u00e2mara Municipal de Pirpirituba - PB","article_published_time":"2025-02-16T22:35:20+00:00","article_modified_time":"2025-02-19T22:49:40+00:00","og_image":[{"width":1280,"height":720,"url":"https:\/\/pirpirituba.pb.leg.br\/wp-content\/uploads\/2025\/02\/Imagem-do-WhatsApp-de-2025-02-19-as-22.34.05_d508e00d.jpg","type":"image\/jpeg"}],"author":"David Maia","twitter_card":"summary_large_image","twitter_misc":{"Escrito por":"David Maia","Est. tempo de leitura":"1 minuto"},"schema":{"@context":"https:\/\/schema.org","@graph":[{"@type":"Article","@id":"https:\/\/pirpirituba.pb.leg.br\/noticias\/vereadoras-demonstram-uniao-e-apresentam-requerimento-conjunto-para-sessao-solene-em-homenagem-ao-dia-internacional-das-mulheres\/#article","isPartOf":{"@id":"https:\/\/pirpirituba.pb.leg.br\/noticias\/vereadoras-demonstram-uniao-e-apresentam-requerimento-conjunto-para-sessao-solene-em-homenagem-ao-dia-internacional-das-mulheres\/"},"author":{"name":"David Maia","@id":"https:\/\/pirpirituba.pb.leg.br\/#\/schema\/person\/8bc90b9fc557d92690c756e61a4331cc"},"headline":"Vereadoras demonstram uni\u00e3o e apresentam requerimento conjunto para Sess\u00e3o Solene em homenagem ao Dia Internacional das Mulheres","datePublished":"2025-02-16T22:35:20+00:00","dateModified":"2025-02-19T22:49:40+00:00","mainEntityOfPage":{"@id":"https:\/\/pirpirituba.pb.leg.br\/noticias\/vereadoras-demonstram-uniao-e-apresentam-requerimento-conjunto-para-sessao-solene-em-homenagem-ao-dia-internacional-das-mulheres\/"},"wordCount":307,"commentCount":0,"publisher":{"@id":"https:\/\/pirpirituba.pb.leg.br\/#organization"},"image":{"@id":"https:\/\/pirpirituba.pb.leg.br\/noticias\/vereadoras-demonstram-uniao-e-apresentam-requerimento-conjunto-para-sessao-solene-em-homenagem-ao-dia-internacional-das-mulheres\/#primaryimage"},"thumbnailUrl":"https:\/\/pirpirituba.pb.leg.br\/wp-content\/uploads\/2025\/02\/Imagem-do-WhatsApp-de-2025-02-19-as-22.34.05_d508e00d.jpg","articleSection":["Not\u00edcias"],"inLanguage":"pt-BR","potentialAction":[{"@type":"CommentAction","name":"Comment","target":["https:\/\/pirpirituba.pb.leg.br\/noticias\/vereadoras-demonstram-uniao-e-apresentam-requerimento-conjunto-para-sessao-solene-em-homenagem-ao-dia-internacional-das-mulheres\/#respond"]}]},{"@type":"WebPage","@id":"https:\/\/pirpirituba.pb.leg.br\/noticias\/vereadoras-demonstram-uniao-e-apresentam-requerimento-conjunto-para-sessao-solene-em-homenagem-ao-dia-internacional-das-mulheres\/","url":"https:\/\/pirpirituba.pb.leg.br\/noticias\/vereadoras-demonstram-uniao-e-apresentam-requerimento-conjunto-para-sessao-solene-em-homenagem-ao-dia-internacional-das-mulheres\/","name":"Vereadoras demonstram uni\u00e3o e apresentam requerimento conjunto para Sess\u00e3o Solene em homenagem ao Dia Internacional das Mulheres - C\u00e2mara Municipal de Pirpirituba - PB","isPartOf":{"@id":"https:\/\/pirpirituba.pb.leg.br\/#website"},"primaryImageOfPage":{"@id":"https:\/\/pirpirituba.pb.leg.br\/noticias\/vereadoras-demonstram-uniao-e-apresentam-requerimento-conjunto-para-sessao-solene-em-homenagem-ao-dia-internacional-das-mulheres\/#primaryimage"},"image":{"@id":"https:\/\/pirpirituba.pb.leg.br\/noticias\/vereadoras-demonstram-uniao-e-apresentam-requerimento-conjunto-para-sessao-solene-em-homenagem-ao-dia-internacional-das-mulheres\/#primaryimage"},"thumbnailUrl":"https:\/\/pirpirituba.pb.leg.br\/wp-content\/uploads\/2025\/02\/Imagem-do-WhatsApp-de-2025-02-19-as-22.34.05_d508e00d.jpg","datePublished":"2025-02-16T22:35:20+00:00","dateModified":"2025-02-19T22:49:40+00:00","breadcrumb":{"@id":"https:\/\/pirpirituba.pb.leg.br\/noticias\/vereadoras-demonstram-uniao-e-apresentam-requerimento-conjunto-para-sessao-solene-em-homenagem-ao-dia-internacional-das-mulheres\/#breadcrumb"},"inLanguage":"pt-BR","potentialAction":[{"@type":"ReadAction","target":["https:\/\/pirpirituba.pb.leg.br\/noticias\/vereadoras-demonstram-uniao-e-apresentam-requerimento-conjunto-para-sessao-solene-em-homenagem-ao-dia-internacional-das-mulheres\/"]}]},{"@type":"ImageObject","inLanguage":"pt-BR","@id":"https:\/\/pirpirituba.pb.leg.br\/noticias\/vereadoras-demonstram-uniao-e-apresentam-requerimento-conjunto-para-sessao-solene-em-homenagem-ao-dia-internacional-das-mulheres\/#primaryimage","url":"https:\/\/pirpirituba.pb.leg.br\/wp-content\/uploads\/2025\/02\/Imagem-do-WhatsApp-de-2025-02-19-as-22.34.05_d508e00d.jpg","contentUrl":"https:\/\/pirpirituba.pb.leg.br\/wp-content\/uploads\/2025\/02\/Imagem-do-WhatsApp-de-2025-02-19-as-22.34.05_d508e00d.jpg","width":1280,"height":720},{"@type":"BreadcrumbList","@id":"https:\/\/pirpirituba.pb.leg.br\/noticias\/vereadoras-demonstram-uniao-e-apresentam-requerimento-conjunto-para-sessao-solene-em-homenagem-ao-dia-internacional-das-mulheres\/#breadcrumb","itemListElement":[{"@type":"ListItem","position":1,"name":"In\u00edcio","item":"https:\/\/pirpirituba.pb.leg.br\/"},{"@type":"ListItem","position":2,"name":"Vereadoras demonstram uni\u00e3o e apresentam requerimento conjunto para Sess\u00e3o Solene em homenagem ao Dia Internacional das Mulheres"}]},{"@type":"WebSite","@id":"https:\/\/pirpirituba.pb.leg.br\/#website","url":"https:\/\/pirpirituba.pb.leg.br\/","name":"C\u00e2mara Municipal de Pirpirituba - PB","description":"","publisher":{"@id":"https:\/\/pirpirituba.pb.leg.br\/#organization"},"potentialAction":[{"@type":"SearchAction","target":{"@type":"EntryPoint","urlTemplate":"https:\/\/pirpirituba.pb.leg.br\/?s={search_term_string}"},"query-input":{"@type":"PropertyValueSpecification","valueRequired":true,"valueName":"search_term_string"}}],"inLanguage":"pt-BR"},{"@type":"Organization","@id":"https:\/\/pirpirituba.pb.leg.br\/#organization","name":"C\u00e2mara Municipal de Pirpirituba - PB","url":"https:\/\/pirpirituba.pb.leg.br\/","logo":{"@type":"ImageObject","inLanguage":"pt-BR","@id":"https:\/\/pirpirituba.pb.leg.br\/#\/schema\/logo\/image\/","url":"https:\/\/pirpirituba.pb.leg.br\/wp-content\/uploads\/2025\/01\/image1.png","contentUrl":"https:\/\/pirpirituba.pb.leg.br\/wp-content\/uploads\/2025\/01\/image1.png","width":300,"height":78,"caption":"C\u00e2mara Municipal de Pirpirituba - PB"},"image":{"@id":"https:\/\/pirpirituba.pb.leg.br\/#\/schema\/logo\/image\/"}},{"@type":"Person","@id":"https:\/\/pirpirituba.pb.leg.br\/#\/schema\/person\/8bc90b9fc557d92690c756e61a4331cc","name":"David Maia","image":{"@type":"ImageObject","inLanguage":"pt-BR","@id":"https:\/\/pirpirituba.pb.leg.br\/#\/schema\/person\/image\/","url":"https:\/\/secure.gravatar.com\/avatar\/5c858f5c6e666e3a3908d316a7bc3634?s=96&d=mm&r=g","contentUrl":"https:\/\/secure.gravatar.com\/avatar\/5c858f5c6e666e3a3908d316a7bc3634?s=96&d=mm&r=g","caption":"David Maia"},"url":"https:\/\/pirpirituba.pb.leg.br\/author\/david\/"}]}},"_links":{"self":[{"href":"https:\/\/pirpirituba.pb.leg.br\/wp-json\/wp\/v2\/posts\/183","targetHints":{"allow":["GET"]}}],"collection":[{"href":"https:\/\/pirpirituba.pb.leg.br\/wp-json\/wp\/v2\/posts"}],"about":[{"href":"https:\/\/pirpirituba.pb.leg.br\/wp-json\/wp\/v2\/types\/post"}],"author":[{"embeddable":true,"href":"https:\/\/pirpirituba.pb.leg.br\/wp-json\/wp\/v2\/users\/3"}],"replies":[{"embeddable":true,"href":"https:\/\/pirpirituba.pb.leg.br\/wp-json\/wp\/v2\/comments?post=183"}],"version-history":[{"count":2,"href":"https:\/\/pirpirituba.pb.leg.br\/wp-json\/wp\/v2\/posts\/183\/revisions"}],"predecessor-version":[{"id":186,"href":"https:\/\/pirpirituba.pb.leg.br\/wp-json\/wp\/v2\/posts\/183\/revisions\/186"}],"wp:featuredmedia":[{"embeddable":true,"href":"https:\/\/pirpirituba.pb.leg.br\/wp-json\/wp\/v2\/media\/185"}],"wp:attachment":[{"href":"https:\/\/pirpirituba.pb.leg.br\/wp-json\/wp\/v2\/media?parent=183"}],"wp:term":[{"taxonomy":"category","embeddable":true,"href":"https:\/\/pirpirituba.pb.leg.br\/wp-json\/wp\/v2\/categories?post=183"},{"taxonomy":"post_tag","embeddable":true,"href":"https:\/\/pirpirituba.pb.leg.br\/wp-json\/wp\/v2\/tags?post=183"}],"curies":[{"name":"wp","href":"https:\/\/api.w.org\/{rel}","templated":true}]}}